{"id":793,"date":"2023-06-12T11:40:07","date_gmt":"2023-06-12T11:40:07","guid":{"rendered":"https:\/\/roteirosarqueologicosdoalentejo.uevora.pt\/?p=793"},"modified":"2024-10-11T17:42:07","modified_gmt":"2024-10-11T17:42:07","slug":"castelo","status":"publish","type":"post","link":"https:\/\/roteirosarqueologicosdoalentejo.uevora.pt\/fr\/castelo\/","title":{"rendered":"Ch\u00e2teau"},"content":{"rendered":"<div data-elementor-type=\"wp-post\" data-elementor-id=\"793\" class=\"elementor elementor-793\" data-elementor-post-type=\"post\">\n\t\t\t\t\t\t<div class=\"elementor-section elementor-top-section elementor-element elementor-element-61d468b elementor-section-boxed elementor-section-height-default elementor-section-height-default\" data-id=\"61d468b\" data-element_type=\"section\" data-e-type=\"section\" data-settings=\"{&quot;background_background&quot;:&quot;classic&quot;}\">\n\t\t\t\t\t\t\t<div class=\"elementor-background-overlay\"><\/div>\n\t\t\t\t\t\t\t<div class=\"elementor-container elementor-column-gap-default\">\n\t\t\t\t\t<div class=\"elementor-column elementor-col-100 elementor-top-column elementor-element elementor-element-bf589d3\" data-id=\"bf589d3\" data-element_type=\"column\" data-e-type=\"column\">\n\t\t\t<div class=\"elementor-widget-wrap elementor-element-populated\">\n\t\t\t\t\t\t<div class=\"elementor-element elementor-element-ed99306 elementor-widget elementor-widget-heading\" data-id=\"ed99306\" data-element_type=\"widget\" data-e-type=\"widget\" data-widget_type=\"heading.default\">\n\t\t\t\t<div class=\"elementor-widget-container\">\n\t\t\t\t\t<h6 class=\"elementor-heading-title elementor-size-default\">M\u00e9rtola<\/h6>\t\t\t\t<\/div>\n\t\t\t\t<\/div>\n\t\t\t\t<div class=\"elementor-element elementor-element-510ab20 elementor-widget__width-initial elementor-widget-tablet__width-initial  ui-split-animate ui-splitby-chars elementor-widget elementor-widget-heading\" data-id=\"510ab20\" data-element_type=\"widget\" data-e-type=\"widget\" data-settings=\"{&quot;ui_animate_split&quot;:&quot;ui-split-animate&quot;,&quot;_animation&quot;:&quot;none&quot;,&quot;ui_animate_split_by&quot;:&quot;chars&quot;,&quot;ui_animate_split_style&quot;:&quot;fadeInUp&quot;}\" data-widget_type=\"heading.default\">\n\t\t\t\t<div class=\"elementor-widget-container\">\n\t\t\t\t\t<h1 class=\"elementor-heading-title elementor-size-default\">Castelo de M\u00e9rtola<\/h1>\t\t\t\t<\/div>\n\t\t\t\t<\/div>\n\t\t\t\t\t<\/div>\n\t\t<\/div>\n\t\t\t\t\t<\/div>\n\t\t<\/div>\n\t\t\t\t<div class=\"elementor-section elementor-top-section elementor-element elementor-element-4e7322b elementor-section-full_width elementor-section-height-default elementor-section-height-default\" data-id=\"4e7322b\" data-element_type=\"section\" data-e-type=\"section\">\n\t\t\t\t\t\t<div class=\"elementor-container elementor-column-gap-default\">\n\t\t\t\t\t<div class=\"elementor-column elementor-col-100 elementor-top-column elementor-element elementor-element-799d5ce\" data-id=\"799d5ce\" data-element_type=\"column\" data-e-type=\"column\">\n\t\t\t<div class=\"elementor-widget-wrap elementor-element-populated\">\n\t\t\t\t\t\t<div class=\"elementor-section elementor-inner-section elementor-element elementor-element-8736c16 elementor-reverse-mobile elementor-section-boxed elementor-section-height-default elementor-section-height-default\" data-id=\"8736c16\" data-element_type=\"section\" data-e-type=\"section\" data-settings=\"{&quot;background_background&quot;:&quot;gradient&quot;}\">\n\t\t\t\t\t\t<div class=\"elementor-container elementor-column-gap-default\">\n\t\t\t\t\t<div class=\"elementor-column elementor-col-50 elementor-inner-column elementor-element elementor-element-f250c01\" data-id=\"f250c01\" data-element_type=\"column\" data-e-type=\"column\" data-settings=\"{&quot;background_background&quot;:&quot;classic&quot;}\">\n\t\t\t<div class=\"elementor-widget-wrap elementor-element-populated\">\n\t\t\t\t\t\t<div class=\"elementor-element elementor-element-a905d05 elementor-widget elementor-widget-icon-box\" data-id=\"a905d05\" data-element_type=\"widget\" data-e-type=\"widget\" data-widget_type=\"icon-box.default\">\n\t\t\t\t<div class=\"elementor-widget-container\">\n\t\t\t\t\t\t\t<div class=\"elementor-icon-box-wrapper\">\n\n\t\t\t\n\t\t\t\t\t\t<div class=\"elementor-icon-box-content\">\n\n\t\t\t\t\t\t\t\t\t<span class=\"elementor-icon-box-title\">\n\t\t\t\t\t\t<span  >\n\t\t\t\t\t\t\tCoordonn\u00e9es\t\t\t\t\t\t<\/span>\n\t\t\t\t\t<\/span>\n\t\t\t\t\n\t\t\t\t\t\t\t\t\t<p class=\"elementor-icon-box-description\">\n\t\t\t\t\t\t37\u00ba38'17.33\"N \/ 7\u00ba39'51.92\"O\t\t\t\t\t<\/p>\n\t\t\t\t\n\t\t\t<\/div>\n\t\t\t\n\t\t<\/div>\n\t\t\t\t\t\t<\/div>\n\t\t\t\t<\/div>\n\t\t\t\t<div class=\"elementor-element elementor-element-db0e3cc elementor-widget elementor-widget-button\" data-id=\"db0e3cc\" data-element_type=\"widget\" data-e-type=\"widget\" data-widget_type=\"button.default\">\n\t\t\t\t<div class=\"elementor-widget-container\">\n\t\t\t\t\t\t\t\t\t<div class=\"elementor-button-wrapper\">\n\t\t\t\t\t<a class=\"elementor-button elementor-button-link elementor-size-sm\" href=\"https:\/\/goo.gl\/maps\/DSHVsjwnNmvSn2jF6\">\n\t\t\t\t\t\t<span class=\"elementor-button-content-wrapper\">\n\t\t\t\t\t\t<span class=\"elementor-button-icon\">\n\t\t\t\t<i aria-hidden=\"true\" class=\"fas fa-arrow-right\"><\/i>\t\t\t<\/span>\n\t\t\t\t\t\t\t\t\t<span class=\"elementor-button-text\">Directions<\/span>\n\t\t\t\t\t<\/span>\n\t\t\t\t\t<\/a>\n\t\t\t\t<\/div>\n\t\t\t\t\t\t\t\t<\/div>\n\t\t\t\t<\/div>\n\t\t\t\t<div class=\"elementor-element elementor-element-6d2d583 elementor-position-inline-start elementor-mobile-position-inline-start elementor-view-default elementor-widget elementor-widget-icon-box\" data-id=\"6d2d583\" data-element_type=\"widget\" data-e-type=\"widget\" data-widget_type=\"icon-box.default\">\n\t\t\t\t<div class=\"elementor-widget-container\">\n\t\t\t\t\t\t\t<div class=\"elementor-icon-box-wrapper\">\n\n\t\t\t\t\t\t<div class=\"elementor-icon-box-icon\">\n\t\t\t\t<span  class=\"elementor-icon\">\n\t\t\t\t<i aria-hidden=\"true\" class=\"far fa-clock\"><\/i>\t\t\t\t<\/span>\n\t\t\t<\/div>\n\t\t\t\n\t\t\t\t\t\t<div class=\"elementor-icon-box-content\">\n\n\t\t\t\t\t\t\t\t\t<h3 class=\"elementor-icon-box-title\">\n\t\t\t\t\t\t<span  >\n\t\t\t\t\t\t\tOuvert de mardi \u00e0 dimanche\t\t\t\t\t\t<\/span>\n\t\t\t\t\t<\/h3>\n\t\t\t\t\n\t\t\t\t\t\t\t\t\t<p class=\"elementor-icon-box-description translation-block\">Matin : 9h10 \u00e0 12h30 \/ Apr\u00e8s-midi : 14h00 \u00e0 17h20 ;<br> Ferm\u00e9 le lundi et les jours f\u00e9ri\u00e9s nationaux (1er janvier, 1er mai, dimanche de P\u00e2ques <br>et 25 d\u00e9cembre), ainsi que le 24 d\u00e9cembre (veille de No\u00ebl).<\/p>\n\t\t\t\t\n\t\t\t<\/div>\n\t\t\t\n\t\t<\/div>\n\t\t\t\t\t\t<\/div>\n\t\t\t\t<\/div>\n\t\t\t\t\t<\/div>\n\t\t<\/div>\n\t\t\t\t<div class=\"elementor-column elementor-col-50 elementor-inner-column elementor-element elementor-element-feb323e\" data-id=\"feb323e\" data-element_type=\"column\" data-e-type=\"column\">\n\t\t\t<div class=\"elementor-widget-wrap\">\n\t\t\t\t\t\t\t<\/div>\n\t\t<\/div>\n\t\t\t\t\t<\/div>\n\t\t<\/div>\n\t\t\t\t\t<\/div>\n\t\t<\/div>\n\t\t\t\t\t<\/div>\n\t\t<\/div>\n\t\t\t\t<div class=\"elementor-section elementor-top-section elementor-element elementor-element-41cccee elementor-section-boxed elementor-section-height-default elementor-section-height-default\" data-id=\"41cccee\" data-element_type=\"section\" data-e-type=\"section\" data-settings=\"{&quot;background_background&quot;:&quot;classic&quot;}\">\n\t\t\t\t\t\t<div class=\"elementor-container elementor-column-gap-no\">\n\t\t\t\t\t<div class=\"elementor-column elementor-col-100 elementor-top-column elementor-element elementor-element-25a8ceb\" data-id=\"25a8ceb\" data-element_type=\"column\" data-e-type=\"column\">\n\t\t\t<div class=\"elementor-widget-wrap elementor-element-populated\">\n\t\t\t\t\t\t<section class=\"elementor-section elementor-inner-section elementor-element elementor-element-a2dabb8 elementor-section-boxed elementor-section-height-default elementor-section-height-default\" data-id=\"a2dabb8\" data-element_type=\"section\" data-e-type=\"section\">\n\t\t\t\t\t\t<div class=\"elementor-container elementor-column-gap-default\">\n\t\t\t\t\t<div class=\"elementor-column elementor-col-50 elementor-inner-column elementor-element elementor-element-15eaed2\" data-id=\"15eaed2\" data-element_type=\"column\" data-e-type=\"column\">\n\t\t\t<div class=\"elementor-widget-wrap elementor-element-populated\">\n\t\t\t\t\t\t<div class=\"elementor-element elementor-element-6dbd8fb elementor-widget elementor-widget-heading\" data-id=\"6dbd8fb\" data-element_type=\"widget\" data-e-type=\"widget\" data-widget_type=\"heading.default\">\n\t\t\t\t<div class=\"elementor-widget-container\">\n\t\t\t\t\t<h6 class=\"elementor-heading-title elementor-size-default\">Sur<\/h6>\t\t\t\t<\/div>\n\t\t\t\t<\/div>\n\t\t\t\t<div class=\"elementor-element elementor-element-4a5c1e6 animated-fast elementor-invisible elementor-widget elementor-widget-heading\" data-id=\"4a5c1e6\" data-element_type=\"widget\" data-e-type=\"widget\" data-settings=\"{&quot;_animation&quot;:&quot;fadeInUp&quot;,&quot;_animation_delay&quot;:100}\" data-widget_type=\"heading.default\">\n\t\t\t\t<div class=\"elementor-widget-container\">\n\t\t\t\t\t<h2 class=\"elementor-heading-title elementor-size-default\">Ch\u00e2teau<\/h2>\t\t\t\t<\/div>\n\t\t\t\t<\/div>\n\t\t\t\t<div class=\"elementor-element elementor-element-91158f6 animated-fast elementor-invisible elementor-widget elementor-widget-text-editor\" data-id=\"91158f6\" data-element_type=\"widget\" data-e-type=\"widget\" data-settings=\"{&quot;_animation&quot;:&quot;fadeInUp&quot;,&quot;_animation_delay&quot;:150}\" data-widget_type=\"text-editor.default\">\n\t\t\t\t<div class=\"elementor-widget-container\">\n\t\t\t\t\t\t\t\t\t<p class=\"p1\">Le lieu o\u00f9 l\u2019on a b\u00e2ti le ch\u00e2teau \u00e9tait peut-\u00eatre occup\u00e9 par une structure de d\u00e9fense depuis l\u2019\u00c2ge du Fer, quoique cette id\u00e9e n\u2019a pas encore \u00e9t\u00e9 confirm\u00e9e par l\u2019arch\u00e9ologie. La premi\u00e8re r\u00e9f\u00e9rence au ch\u00e2teau de M\u00e9rtola dans les sources \u00e9crites, dat\u00e9e du IXe si\u00e8cle, nous rapporte des travaux de renforcement de cette structure militaire, d\u00e9j\u00e0 existante.<\/p><p class=\"p1\">\u2019entr\u00e9e dans l\u2019enceinte se fait par une porte en coude, de la p\u00e9riode almohade (1171), adoss\u00e9e \u00e0 une autre porte simple, entre deux tourelles, de la p\u00e9riode \u00e9mirale (IXe si\u00e8cle). Au-dessus de cette entr\u00e9e, apr\u00e8s la conqu\u00eate chr\u00e9tienne de M\u00e9rtola, en 1238, on a install\u00e9 la Chapelle de Santiago du Ch\u00e2teau, aujourd\u2019hui disparue. \u00c0 l\u2019int\u00e9rieur de l\u2019enceinte nous trouvons une citerne, des vestiges de la maison du ch\u00e2telain \u2013 repr\u00e9sent\u00e9e dans une des images de M\u00e9rtola dessin\u00e9es par Duarte D\u2019Armas en 1509 \u2013 et le donjon, de 27 m d\u2019hauteur, \u00e9rig\u00e9 au r\u00e8gne du roi Denis, en 1292, par D. Jo\u00e3o Fernandes, premier ma\u00eetre de l\u2019Ordre de Santiago au Portugal et aussi Commandeur de M\u00e9rtola et Grand-Commandeur du Portugal. Le ch\u00e2teau de M\u00e9rtola \u00e9tait le premier si\u00e8ge de cet ordre militaire, jusqu\u2019\u00e0 son d\u00e9placement \u00e0 Alc\u00e1cer do Sal, en 1316.<span class=\"Apple-converted-space\">\u00a0<\/span><\/p>\t\t\t\t\t\t\t\t<\/div>\n\t\t\t\t<\/div>\n\t\t\t\t\t<\/div>\n\t\t<\/div>\n\t\t\t\t<div class=\"elementor-column elementor-col-50 elementor-inner-column elementor-element elementor-element-8ca5e2a\" data-id=\"8ca5e2a\" data-element_type=\"column\" data-e-type=\"column\">\n\t\t\t<div class=\"elementor-widget-wrap elementor-element-populated\">\n\t\t\t\t\t\t<div class=\"elementor-element elementor-element-32d6c25 elementor-pagination-position-outside elementor-widget elementor-widget-image-carousel\" data-id=\"32d6c25\" data-element_type=\"widget\" data-e-type=\"widget\" data-settings=\"{&quot;slides_to_show&quot;:&quot;1&quot;,&quot;navigation&quot;:&quot;dots&quot;,&quot;autoplay&quot;:&quot;no&quot;,&quot;infinite&quot;:&quot;no&quot;,&quot;effect&quot;:&quot;slide&quot;,&quot;speed&quot;:500}\" data-widget_type=\"image-carousel.default\">\n\t\t\t\t<div class=\"elementor-widget-container\">\n\t\t\t\t\t\t\t<div class=\"elementor-image-carousel-wrapper swiper\" role=\"region\" aria-roledescription=\"carousel\" aria-label=\"Carrousel d\u2019images\" dir=\"ltr\" data-no-translation-aria-label=\"\">\n\t\t\t<div class=\"elementor-image-carousel swiper-wrapper\" aria-live=\"polite\">\n\t\t\t\t\t\t\t\t<div class=\"swiper-slide\" role=\"group\" aria-roledescription=\"slide\" aria-label=\"1 sur 2\" data-no-translation-aria-label=\"\"><a data-elementor-open-lightbox=\"yes\" data-elementor-lightbox-slideshow=\"32d6c25\" data-elementor-lightbox-title=\"Castelo Entrada\" data-e-action-hash=\"#elementor-action%3Aaction%3Dlightbox%26settings%3DeyJpZCI6MTUyNiwidXJsIjoiaHR0cHM6XC9cL3JvdGVpcm9zYXJxdWVvbG9naWNvc2RvYWxlbnRlam8udWV2b3JhLnB0XC93cC1jb250ZW50XC91cGxvYWRzXC8yMDIzXC8wNlwvY2FzdGVsby1lbnRhZGEtc2NhbGVkLmpwZyIsInNsaWRlc2hvdyI6IjMyZDZjMjUifQ%3D%3D\" href=\"https:\/\/roteirosarqueologicosdoalentejo.uevora.pt\/wp-content\/uploads\/2023\/06\/castelo-entada-scaled.jpg\"><figure class=\"swiper-slide-inner\"><img decoding=\"async\" class=\"swiper-slide-image\" src=\"https:\/\/roteirosarqueologicosdoalentejo.uevora.pt\/wp-content\/uploads\/2023\/06\/castelo-entada-598x650.jpg\" alt=\"Castelo Entrada\" \/><\/figure><\/a><\/div><div class=\"swiper-slide\" role=\"group\" aria-roledescription=\"slide\" aria-label=\"2 sur 2\" data-no-translation-aria-label=\"\"><a data-elementor-open-lightbox=\"yes\" data-elementor-lightbox-slideshow=\"32d6c25\" data-elementor-lightbox-title=\"Planta Castelo\" data-e-action-hash=\"#elementor-action%3Aaction%3Dlightbox%26settings%3DeyJpZCI6MTUyOCwidXJsIjoiaHR0cHM6XC9cL3JvdGVpcm9zYXJxdWVvbG9naWNvc2RvYWxlbnRlam8udWV2b3JhLnB0XC93cC1jb250ZW50XC91cGxvYWRzXC8yMDIzXC8wNlwvQ0FTVEVMT1BMQU5UQS1zY2FsZWQuanBnIiwic2xpZGVzaG93IjoiMzJkNmMyNSJ9\" href=\"https:\/\/roteirosarqueologicosdoalentejo.uevora.pt\/wp-content\/uploads\/2023\/06\/CASTELOPLANTA-scaled.jpg\"><figure class=\"swiper-slide-inner\"><img decoding=\"async\" class=\"swiper-slide-image\" src=\"https:\/\/roteirosarqueologicosdoalentejo.uevora.pt\/wp-content\/uploads\/2023\/06\/CASTELOPLANTA-650x400.jpg\" alt=\"Planta Castelo\" \/><\/figure><\/a><\/div>\t\t\t<\/div>\n\t\t\t\t\t\t\t\n\t\t\t\t\t\t\t\t\t<div class=\"swiper-pagination\"><\/div>\n\t\t\t\t\t\t\t\t\t<\/div>\n\t\t\t\t\t\t<\/div>\n\t\t\t\t<\/div>\n\t\t\t\t<div class=\"elementor-element elementor-element-30eaf19 elementor-widget__width-initial elementor-widget-tablet__width-initial elementor-widget-mobile__width-inherit animated-fast elementor-invisible elementor-widget elementor-widget-text-editor\" data-id=\"30eaf19\" data-element_type=\"widget\" data-e-type=\"widget\" data-settings=\"{&quot;_animation&quot;:&quot;fadeInUp&quot;,&quot;_animation_delay&quot;:500}\" data-widget_type=\"text-editor.default\">\n\t\t\t\t<div class=\"elementor-widget-container\">\n\t\t\t\t\t\t\t\t\t<p>Plan fourni par le Champ Arch\u00e9ologique de M\u00e9rtola<\/p>\t\t\t\t\t\t\t\t<\/div>\n\t\t\t\t<\/div>\n\t\t\t\t\t<\/div>\n\t\t<\/div>\n\t\t\t\t\t<\/div>\n\t\t<\/section>\n\t\t\t\t\t<\/div>\n\t\t<\/div>\n\t\t\t\t\t<\/div>\n\t\t<\/div>\n\t\t\t\t<div class=\"elementor-section elementor-top-section elementor-element elementor-element-52357e7 elementor-section-boxed elementor-section-height-default elementor-section-height-default\" data-id=\"52357e7\" data-element_type=\"section\" data-e-type=\"section\" data-settings=\"{&quot;background_background&quot;:&quot;classic&quot;}\">\n\t\t\t\t\t\t<div class=\"elementor-container elementor-column-gap-default\">\n\t\t\t\t\t<div class=\"elementor-column elementor-col-50 elementor-top-column elementor-element elementor-element-073dbe1\" data-id=\"073dbe1\" data-element_type=\"column\" data-e-type=\"column\">\n\t\t\t<div class=\"elementor-widget-wrap elementor-element-populated\">\n\t\t\t\t\t\t<div class=\"elementor-element elementor-element-170dea8 animated-fast elementor-invisible elementor-widget elementor-widget-heading\" data-id=\"170dea8\" data-element_type=\"widget\" data-e-type=\"widget\" data-settings=\"{&quot;_animation&quot;:&quot;fadeInUp&quot;}\" data-widget_type=\"heading.default\">\n\t\t\t\t<div class=\"elementor-widget-container\">\n\t\t\t\t\t<h6 class=\"elementor-heading-title elementor-size-default\">Acc\u00e8s<\/h6>\t\t\t\t<\/div>\n\t\t\t\t<\/div>\n\t\t\t\t<div class=\"elementor-element elementor-element-e6eeede  ui-split-animate ui-splitby-lines elementor-widget elementor-widget-heading\" data-id=\"e6eeede\" data-element_type=\"widget\" data-e-type=\"widget\" data-settings=\"{&quot;ui_animate_split&quot;:&quot;ui-split-animate&quot;,&quot;ui_animate_split_by&quot;:&quot;lines&quot;,&quot;ui_animate_split_style&quot;:&quot;fadeInUp&quot;}\" data-widget_type=\"heading.default\">\n\t\t\t\t<div class=\"elementor-widget-container\">\n\t\t\t\t\t<h2 class=\"elementor-heading-title elementor-size-default\">Pr\u00e9parez la visite<\/h2>\t\t\t\t<\/div>\n\t\t\t\t<\/div>\n\t\t\t\t<div class=\"elementor-element elementor-element-495f3b7 elementor-widget__width-initial elementor-widget-tablet__width-initial elementor-widget-mobile__width-inherit animated-fast elementor-invisible elementor-widget elementor-widget-text-editor\" data-id=\"495f3b7\" data-element_type=\"widget\" data-e-type=\"widget\" data-settings=\"{&quot;_animation&quot;:&quot;fadeInUp&quot;,&quot;_animation_delay&quot;:500}\" data-widget_type=\"text-editor.default\">\n\t\t\t\t<div class=\"elementor-widget-container\">\n\t\t\t\t\t\t\t\t\t<p class=\"p1\">L\u2019entr\u00e9e dans cet espace est gratuite.<\/p><p class=\"p1\">Nous recommandons la pr\u00e9sence d\u2019un adulte responsable dans les visites avec des enfants.<\/p>\t\t\t\t\t\t\t\t<\/div>\n\t\t\t\t<\/div>\n\t\t\t\t\t<\/div>\n\t\t<\/div>\n\t\t\t\t<div class=\"elementor-column elementor-col-50 elementor-top-column elementor-element elementor-element-a457061\" data-id=\"a457061\" data-element_type=\"column\" data-e-type=\"column\">\n\t\t\t<div class=\"elementor-widget-wrap elementor-element-populated\">\n\t\t\t\t\t\t<section class=\"elementor-section elementor-inner-section elementor-element elementor-element-d1770dc elementor-section-boxed elementor-section-height-default elementor-section-height-default\" data-id=\"d1770dc\" data-element_type=\"section\" data-e-type=\"section\">\n\t\t\t\t\t\t<div class=\"elementor-container elementor-column-gap-default\">\n\t\t\t\t\t<div class=\"elementor-column elementor-col-50 elementor-inner-column elementor-element elementor-element-c55bf42\" data-id=\"c55bf42\" data-element_type=\"column\" data-e-type=\"column\">\n\t\t\t<div class=\"elementor-widget-wrap elementor-element-populated\">\n\t\t\t\t\t\t<div class=\"elementor-element elementor-element-d86ee59 animated-fast bdt-icon-type-icon elementor-position-top bdt-icon-effect-none elementor-invisible elementor-widget elementor-widget-bdt-advanced-icon-box\" data-id=\"d86ee59\" data-element_type=\"widget\" data-e-type=\"widget\" data-settings=\"{&quot;_animation&quot;:&quot;fadeInUp&quot;,&quot;_animation_delay&quot;:500}\" data-widget_type=\"bdt-advanced-icon-box.default\">\n\t\t\t\t<div class=\"elementor-widget-container\">\n\t\t\t\t\t\t\t<div class=\"bdt-ep-advanced-icon-box\">\n\n\t\t\t\t\t\t\t\n\t\t\t\t\t\t\t<div class=\"bdt-ep-advanced-icon-box-icon\">\n\t\t\t\t\t<span class=\"bdt-ep-advanced-icon-box-icon-wrap\">\n\n\n\t\t\t\t\t\t\n\t\t\t\t\t\t\t<i aria-hidden=\"true\" class=\"ti ti-wheelchair\"><\/i>\n\n\t\t\t\t\t\t\t\t\t\t\t<\/span>\n\t\t\t\t<\/div>\n\t\t\t\n\t\t\t\t\t\n\t\t\t<div class=\"bdt-ep-advanced-icon-box-content\">\n\n\t\t\t\t\t\t\t\t\t\n\t\t\t\t<h3 class=\"bdt-ep-advanced-icon-box-title\">\n\t\t\t\t<span >\n\t\t\t\t\tMobilit\u00e9 r\u00e9duite\t\t\t\t<\/span>\n\t\t\t<\/h3>\n\t\t\n\n\t\t\n\t\t\t\t\t\t\n\t\t\t\t\n\t\t\t\t\t\t\t\t\t<div class=\"bdt-ep-advanced-icon-box-description\">\n\t\t\t\t\t\t<p>Les personnes avec mobilit\u00e9 r\u00e9duite (fauteuils roulants, landaus de b\u00e9b\u00e9) ne peuvent pas entrer, d\u00fb \u00e0 l\u2019existence de plusieurs obstacles architecturaux.<\/p>\t\t\t\t\t<\/div>\n\t\t\t\t\n\t\t\t\t\t\t\t<\/div>\n\t\t<\/div>\n\n\t\t\n\t\t\n\t\t\t\t\t\t<\/div>\n\t\t\t\t<\/div>\n\t\t\t\t\t<\/div>\n\t\t<\/div>\n\t\t\t\t<div class=\"elementor-column elementor-col-50 elementor-inner-column elementor-element elementor-element-9cf0bb0\" data-id=\"9cf0bb0\" data-element_type=\"column\" data-e-type=\"column\">\n\t\t\t<div class=\"elementor-widget-wrap elementor-element-populated\">\n\t\t\t\t\t\t<div class=\"elementor-element elementor-element-5114d1a animated-fast bdt-icon-type-icon elementor-position-top bdt-icon-effect-none elementor-invisible elementor-widget elementor-widget-bdt-advanced-icon-box\" data-id=\"5114d1a\" data-element_type=\"widget\" data-e-type=\"widget\" data-settings=\"{&quot;_animation&quot;:&quot;fadeInUp&quot;,&quot;_animation_delay&quot;:500}\" data-widget_type=\"bdt-advanced-icon-box.default\">\n\t\t\t\t<div class=\"elementor-widget-container\">\n\t\t\t\t\t\t\t<div class=\"bdt-ep-advanced-icon-box\">\n\n\t\t\t\t\t\t\t\n\t\t\t\t\t\t\t<div class=\"bdt-ep-advanced-icon-box-icon\">\n\t\t\t\t\t<span class=\"bdt-ep-advanced-icon-box-icon-wrap\">\n\n\n\t\t\t\t\t\t\n\t\t\t\t\t\t\t<i aria-hidden=\"true\" class=\"ti ti-user\"><\/i>\n\n\t\t\t\t\t\t\t\t\t\t\t<\/span>\n\t\t\t\t<\/div>\n\t\t\t\n\t\t\t\t\t\n\t\t\t<div class=\"bdt-ep-advanced-icon-box-content\">\n\n\t\t\t\t\t\t\t\t\t\n\t\t\t\t<h3 class=\"bdt-ep-advanced-icon-box-title\">\n\t\t\t\t<span >\n\t\t\t\t\tVisite guid\u00e9e\t\t\t\t<\/span>\n\t\t\t<\/h3>\n\t\t\n\n\t\t\n\t\t\t\t\t\t\n\t\t\t\t\n\t\t\t\t\t\t\t\t\t<div class=\"bdt-ep-advanced-icon-box-description\">\n\t\t\t\t\t\t<p>Il est possible d\u2019organiser des visites guid\u00e9es \u00e0 cet espace pour des groupes plus larges que 10 personnes. Il faut cependant assurer une R\u00c9SERVATION ANTICIP\u00c9E, avec un minimum de 48 heures d\u2019avance. Pour cet effet, il faut contacter le Poste de Tourisme de M\u00e9rtola (286 610 109).<\/p>\t\t\t\t\t<\/div>\n\t\t\t\t\n\t\t\t\t\t\t\t<\/div>\n\t\t<\/div>\n\n\t\t\n\t\t\n\t\t\t\t\t\t<\/div>\n\t\t\t\t<\/div>\n\t\t\t\t\t<\/div>\n\t\t<\/div>\n\t\t\t\t\t<\/div>\n\t\t<\/section>\n\t\t\t\t<section class=\"elementor-section elementor-inner-section elementor-element elementor-element-cee4a51 elementor-section-boxed elementor-section-height-default elementor-section-height-default\" data-id=\"cee4a51\" data-element_type=\"section\" data-e-type=\"section\">\n\t\t\t\t\t\t<div class=\"elementor-container elementor-column-gap-default\">\n\t\t\t\t\t<div class=\"elementor-column elementor-col-50 elementor-inner-column elementor-element elementor-element-b4ca95c\" data-id=\"b4ca95c\" data-element_type=\"column\" data-e-type=\"column\">\n\t\t\t<div class=\"elementor-widget-wrap\">\n\t\t\t\t\t\t\t<\/div>\n\t\t<\/div>\n\t\t\t\t<div class=\"elementor-column elementor-col-50 elementor-inner-column elementor-element elementor-element-3a931c8\" data-id=\"3a931c8\" data-element_type=\"column\" data-e-type=\"column\">\n\t\t\t<div class=\"elementor-widget-wrap\">\n\t\t\t\t\t\t\t<\/div>\n\t\t<\/div>\n\t\t\t\t\t<\/div>\n\t\t<\/section>\n\t\t\t\t\t<\/div>\n\t\t<\/div>\n\t\t\t\t\t<\/div>\n\t\t<\/div>\n\t\t\t\t<div class=\"elementor-section elementor-top-section elementor-element elementor-element-6361938 elementor-section-boxed elementor-section-height-default elementor-section-height-default\" data-id=\"6361938\" data-element_type=\"section\" data-e-type=\"section\" data-settings=\"{&quot;background_background&quot;:&quot;classic&quot;}\">\n\t\t\t\t\t\t<div class=\"elementor-container elementor-column-gap-no\">\n\t\t\t\t\t<div class=\"elementor-column elementor-col-100 elementor-top-column elementor-element elementor-element-1ec085b\" data-id=\"1ec085b\" data-element_type=\"column\" data-e-type=\"column\">\n\t\t\t<div class=\"elementor-widget-wrap elementor-element-populated\">\n\t\t\t\t\t\t<div class=\"elementor-element elementor-element-346aa89 elementor-widget elementor-widget-heading\" data-id=\"346aa89\" data-element_type=\"widget\" data-e-type=\"widget\" data-widget_type=\"heading.default\">\n\t\t\t\t<div class=\"elementor-widget-container\">\n\t\t\t\t\t<h6 class=\"elementor-heading-title elementor-size-default\">GALERIE DE VID\u00c9O &amp; IMAGES<\/h6>\t\t\t\t<\/div>\n\t\t\t\t<\/div>\n\t\t\t\t<section class=\"elementor-section elementor-inner-section elementor-element elementor-element-511749a elementor-section-boxed elementor-section-height-default elementor-section-height-default\" data-id=\"511749a\" data-element_type=\"section\" data-e-type=\"section\">\n\t\t\t\t\t\t<div class=\"elementor-container elementor-column-gap-default\">\n\t\t\t\t\t<div class=\"elementor-column elementor-col-100 elementor-inner-column elementor-element elementor-element-b36989a\" data-id=\"b36989a\" data-element_type=\"column\" data-e-type=\"column\">\n\t\t\t<div class=\"elementor-widget-wrap elementor-element-populated\">\n\t\t\t\t\t\t<div class=\"elementor-element elementor-element-e100299 elementor-widget elementor-widget-video\" data-id=\"e100299\" data-element_type=\"widget\" data-e-type=\"widget\" data-settings=\"{&quot;youtube_url&quot;:&quot;https:\\\/\\\/www.youtube.com\\\/watch?v=4YyeG45CmQo&quot;,&quot;mute&quot;:&quot;yes&quot;,&quot;show_image_overlay&quot;:&quot;yes&quot;,&quot;image_overlay&quot;:{&quot;url&quot;:&quot;&quot;,&quot;id&quot;:&quot;&quot;,&quot;size&quot;:&quot;&quot;,&quot;alt&quot;:&quot;&quot;,&quot;source&quot;:&quot;library&quot;},&quot;video_type&quot;:&quot;youtube&quot;}\" data-widget_type=\"video.default\">\n\t\t\t\t<div class=\"elementor-widget-container\">\n\t\t\t\t\t\t\t<div class=\"elementor-wrapper elementor-open-inline\">\n\t\t\t<div class=\"elementor-video\"><\/div>\t\t<\/div>\n\t\t\t\t\t\t<\/div>\n\t\t\t\t<\/div>\n\t\t\t\t\t<\/div>\n\t\t<\/div>\n\t\t\t\t\t<\/div>\n\t\t<\/section>\n\t\t\t\t<div class=\"elementor-element elementor-element-14734a0 bdt-navigation-type-arrows elementor-widget elementor-widget-bdt-advanced-image-gallery\" data-id=\"14734a0\" data-element_type=\"widget\" data-e-type=\"widget\" data-widget_type=\"bdt-advanced-image-gallery.bdt-carousel\">\n\t\t\t\t<div class=\"elementor-widget-container\">\n\t\t\t\t\t\t\t<div class=\"bdt-arrows-align-center\" data-bdt-slider=\"{&quot;autoplay&quot;:true,&quot;autoplay-interval&quot;:7000,&quot;finite&quot;:false,&quot;pause-on-hover&quot;:true,&quot;center&quot;:false,&quot;sets&quot;:false}\">\r\n\t\t\t<div id=\"bdt-avdg-14734a0\" class=\"bdt-ep-advanced-image-gallery bdt-ep-advanced-image-gallery-skin-carousel bdt-grid bdt-grid-small bdt-slider-items bdt-child-width-1-1 bdt-child-width-1-3@s bdt-child-width-1-3@m\" data-bdt-grid=\"\" data-bdt-lightbox=\"animation: slide\" data-settings=\"{&quot;id&quot;:&quot;#bdt-avdg-14734a0&quot;,&quot;tiltShow&quot;:false}\">\r\n\t\t\t\t\t\t\r\n\t\t\t<div class=\"bdt-ep-advanced-image-gallery-item bdt-transition-toggle\">\r\n\t\t\t\t<div class=\"bdt-ep-advanced-image-gallery-inner bdt-image-mask\">\r\n\t\t\t\t\t<div class=\"bdt-ep-advanced-image-gallery-thumbnail bdt-transition-toggle\"><img fetchpriority=\"high\" decoding=\"async\" width=\"2560\" height=\"1922\" src=\"https:\/\/roteirosarqueologicosdoalentejo.uevora.pt\/wp-content\/uploads\/2023\/11\/Mertola-Castelo-de-Mertola-scaled.jpg\" class=\"jgalleryImage\" alt=\"Me\u0301rtola Castelo de Me\u0301rtola\" srcset=\"https:\/\/roteirosarqueologicosdoalentejo.uevora.pt\/wp-content\/uploads\/2023\/11\/Mertola-Castelo-de-Mertola-scaled.jpg 2560w, https:\/\/roteirosarqueologicosdoalentejo.uevora.pt\/wp-content\/uploads\/2023\/11\/Mertola-Castelo-de-Mertola-300x225.jpg 300w, https:\/\/roteirosarqueologicosdoalentejo.uevora.pt\/wp-content\/uploads\/2023\/11\/Mertola-Castelo-de-Mertola-1024x769.jpg 1024w, https:\/\/roteirosarqueologicosdoalentejo.uevora.pt\/wp-content\/uploads\/2023\/11\/Mertola-Castelo-de-Mertola-768x577.jpg 768w, https:\/\/roteirosarqueologicosdoalentejo.uevora.pt\/wp-content\/uploads\/2023\/11\/Mertola-Castelo-de-Mertola-1536x1153.jpg 1536w, https:\/\/roteirosarqueologicosdoalentejo.uevora.pt\/wp-content\/uploads\/2023\/11\/Mertola-Castelo-de-Mertola-2048x1538.jpg 2048w, https:\/\/roteirosarqueologicosdoalentejo.uevora.pt\/wp-content\/uploads\/2023\/11\/Mertola-Castelo-de-Mertola-650x488.jpg 650w\" sizes=\"(max-width: 2560px) 100vw, 2560px\" \/><\/div>\t\t<div class=\"bdt-position-cover bdt-overlay bdt-overlay-default bdt-transition-fade\">\n\t\t\t<div class=\"bdt-ep-advanced-image-gallery-content\">\n\t\t\t\t<div class=\"bdt-ep-advanced-image-gallery-content-inner\">\n\n\t\t\t\t\t\t\t\t\t\t\t\t\t\t\t\t<div class=\"bdt-flex-inline bdt-ep-advanced-image-gallery-item-link-wrapper\">\n\t\t\t\t\t\t\t<a class=\"bdt-ep-advanced-image-gallery-item-link elementor-clickable icon-type-icon\" data-elementor-open-lightbox=\"no\" data-caption=\"\" href=\"https:\/\/roteirosarqueologicosdoalentejo.uevora.pt\/wp-content\/uploads\/2023\/11\/Mertola-Castelo-de-Mertola-scaled.jpg\">\n\t\t\t\t\t\t\t\t\n\t\t\t\t\t\t\t\t\t\t\t\t\t\t\t\t\t\t\t<span>\n\t\t\t\t\t\t\t\t\t\t\t<i class=\"ep-icon-plus-2\"><\/i>\n\t\t\t\t\t\t\t\t\t\t<\/span>\n\t\t\t\t\t\t\t\t\t\n\t\t\t\t\t\t\t\t\t\t\t\t\t\t\t<\/a>\n\t\t\t\t\t\t<\/div>\n\t\t\t\t\t\n\t\t\t\t\t\t\t\t\t<\/div>\n\t\t\t<\/div>\n\t\t<\/div>\n\t\t\t\t<\/div>\r\n\r\n\t\t\t\t\t\t\t<\/div>\r\n\r\n\t\t\t\t\t\t\r\n\t\t\t<div class=\"bdt-ep-advanced-image-gallery-item bdt-transition-toggle\">\r\n\t\t\t\t<div class=\"bdt-ep-advanced-image-gallery-inner bdt-image-mask\">\r\n\t\t\t\t\t<div class=\"bdt-ep-advanced-image-gallery-thumbnail bdt-transition-toggle\"><img decoding=\"async\" width=\"2560\" height=\"1920\" src=\"https:\/\/roteirosarqueologicosdoalentejo.uevora.pt\/wp-content\/uploads\/2023\/11\/Mertola-Castelo-de-Mertola1-scaled.jpg\" class=\"jgalleryImage\" alt=\"Me\u0301rtola Castelo de Me\u0301rtola(1)\" srcset=\"https:\/\/roteirosarqueologicosdoalentejo.uevora.pt\/wp-content\/uploads\/2023\/11\/Mertola-Castelo-de-Mertola1-scaled.jpg 2560w, https:\/\/roteirosarqueologicosdoalentejo.uevora.pt\/wp-content\/uploads\/2023\/11\/Mertola-Castelo-de-Mertola1-300x225.jpg 300w, https:\/\/roteirosarqueologicosdoalentejo.uevora.pt\/wp-content\/uploads\/2023\/11\/Mertola-Castelo-de-Mertola1-1024x768.jpg 1024w, https:\/\/roteirosarqueologicosdoalentejo.uevora.pt\/wp-content\/uploads\/2023\/11\/Mertola-Castelo-de-Mertola1-768x576.jpg 768w, https:\/\/roteirosarqueologicosdoalentejo.uevora.pt\/wp-content\/uploads\/2023\/11\/Mertola-Castelo-de-Mertola1-1536x1152.jpg 1536w, https:\/\/roteirosarqueologicosdoalentejo.uevora.pt\/wp-content\/uploads\/2023\/11\/Mertola-Castelo-de-Mertola1-2048x1536.jpg 2048w, https:\/\/roteirosarqueologicosdoalentejo.uevora.pt\/wp-content\/uploads\/2023\/11\/Mertola-Castelo-de-Mertola1-650x488.jpg 650w\" sizes=\"(max-width: 2560px) 100vw, 2560px\" \/><\/div>\t\t<div class=\"bdt-position-cover bdt-overlay bdt-overlay-default bdt-transition-fade\">\n\t\t\t<div class=\"bdt-ep-advanced-image-gallery-content\">\n\t\t\t\t<div class=\"bdt-ep-advanced-image-gallery-content-inner\">\n\n\t\t\t\t\t\t\t\t\t\t\t\t\t\t\t\t<div class=\"bdt-flex-inline bdt-ep-advanced-image-gallery-item-link-wrapper\">\n\t\t\t\t\t\t\t<a class=\"bdt-ep-advanced-image-gallery-item-link elementor-clickable icon-type-icon\" data-elementor-open-lightbox=\"no\" data-caption=\"\" href=\"https:\/\/roteirosarqueologicosdoalentejo.uevora.pt\/wp-content\/uploads\/2023\/11\/Mertola-Castelo-de-Mertola1-scaled.jpg\">\n\t\t\t\t\t\t\t\t\n\t\t\t\t\t\t\t\t\t\t\t\t\t\t\t\t\t\t\t<span>\n\t\t\t\t\t\t\t\t\t\t\t<i class=\"ep-icon-plus-2\"><\/i>\n\t\t\t\t\t\t\t\t\t\t<\/span>\n\t\t\t\t\t\t\t\t\t\n\t\t\t\t\t\t\t\t\t\t\t\t\t\t\t<\/a>\n\t\t\t\t\t\t<\/div>\n\t\t\t\t\t\n\t\t\t\t\t\t\t\t\t<\/div>\n\t\t\t<\/div>\n\t\t<\/div>\n\t\t\t\t<\/div>\r\n\r\n\t\t\t\t\t\t\t<\/div>\r\n\r\n\t\t\t\t\t\t\r\n\t\t\t<div class=\"bdt-ep-advanced-image-gallery-item bdt-transition-toggle\">\r\n\t\t\t\t<div class=\"bdt-ep-advanced-image-gallery-inner bdt-image-mask\">\r\n\t\t\t\t\t<div class=\"bdt-ep-advanced-image-gallery-thumbnail bdt-transition-toggle\"><img decoding=\"async\" width=\"2560\" height=\"1707\" src=\"https:\/\/roteirosarqueologicosdoalentejo.uevora.pt\/wp-content\/uploads\/2023\/11\/Mertola-Escavacoes-arqueologicas-no-Castelo-de-Mertola-scaled.jpg\" class=\"jgalleryImage\" alt=\"Me\u0301rtola Escavac\u0327o\u0303es arqueolo\u0301gicas no Castelo de Me\u0301rtola\" srcset=\"https:\/\/roteirosarqueologicosdoalentejo.uevora.pt\/wp-content\/uploads\/2023\/11\/Mertola-Escavacoes-arqueologicas-no-Castelo-de-Mertola-scaled.jpg 2560w, https:\/\/roteirosarqueologicosdoalentejo.uevora.pt\/wp-content\/uploads\/2023\/11\/Mertola-Escavacoes-arqueologicas-no-Castelo-de-Mertola-300x200.jpg 300w, https:\/\/roteirosarqueologicosdoalentejo.uevora.pt\/wp-content\/uploads\/2023\/11\/Mertola-Escavacoes-arqueologicas-no-Castelo-de-Mertola-1024x683.jpg 1024w, https:\/\/roteirosarqueologicosdoalentejo.uevora.pt\/wp-content\/uploads\/2023\/11\/Mertola-Escavacoes-arqueologicas-no-Castelo-de-Mertola-768x512.jpg 768w, https:\/\/roteirosarqueologicosdoalentejo.uevora.pt\/wp-content\/uploads\/2023\/11\/Mertola-Escavacoes-arqueologicas-no-Castelo-de-Mertola-1536x1024.jpg 1536w, https:\/\/roteirosarqueologicosdoalentejo.uevora.pt\/wp-content\/uploads\/2023\/11\/Mertola-Escavacoes-arqueologicas-no-Castelo-de-Mertola-2048x1365.jpg 2048w, https:\/\/roteirosarqueologicosdoalentejo.uevora.pt\/wp-content\/uploads\/2023\/11\/Mertola-Escavacoes-arqueologicas-no-Castelo-de-Mertola-650x433.jpg 650w\" sizes=\"(max-width: 2560px) 100vw, 2560px\" \/><\/div>\t\t<div class=\"bdt-position-cover bdt-overlay bdt-overlay-default bdt-transition-fade\">\n\t\t\t<div class=\"bdt-ep-advanced-image-gallery-content\">\n\t\t\t\t<div class=\"bdt-ep-advanced-image-gallery-content-inner\">\n\n\t\t\t\t\t\t\t\t\t\t\t\t\t\t\t\t<div class=\"bdt-flex-inline bdt-ep-advanced-image-gallery-item-link-wrapper\">\n\t\t\t\t\t\t\t<a class=\"bdt-ep-advanced-image-gallery-item-link elementor-clickable icon-type-icon\" data-elementor-open-lightbox=\"no\" data-caption=\"\" href=\"https:\/\/roteirosarqueologicosdoalentejo.uevora.pt\/wp-content\/uploads\/2023\/11\/Mertola-Escavacoes-arqueologicas-no-Castelo-de-Mertola-scaled.jpg\">\n\t\t\t\t\t\t\t\t\n\t\t\t\t\t\t\t\t\t\t\t\t\t\t\t\t\t\t\t<span>\n\t\t\t\t\t\t\t\t\t\t\t<i class=\"ep-icon-plus-2\"><\/i>\n\t\t\t\t\t\t\t\t\t\t<\/span>\n\t\t\t\t\t\t\t\t\t\n\t\t\t\t\t\t\t\t\t\t\t\t\t\t\t<\/a>\n\t\t\t\t\t\t<\/div>\n\t\t\t\t\t\n\t\t\t\t\t\t\t\t\t<\/div>\n\t\t\t<\/div>\n\t\t<\/div>\n\t\t\t\t<\/div>\r\n\r\n\t\t\t\t\t\t\t<\/div>\r\n\r\n\t\t\t\t\t\t\r\n\t\t\t<div class=\"bdt-ep-advanced-image-gallery-item bdt-transition-toggle\">\r\n\t\t\t\t<div class=\"bdt-ep-advanced-image-gallery-inner bdt-image-mask\">\r\n\t\t\t\t\t<div class=\"bdt-ep-advanced-image-gallery-thumbnail bdt-transition-toggle\"><img loading=\"lazy\" decoding=\"async\" width=\"1200\" height=\"800\" src=\"https:\/\/roteirosarqueologicosdoalentejo.uevora.pt\/wp-content\/uploads\/2023\/11\/Castelo_de_Mertola_-_Portugal_515182009.jpeg\" class=\"jgalleryImage\" alt=\"\" srcset=\"https:\/\/roteirosarqueologicosdoalentejo.uevora.pt\/wp-content\/uploads\/2023\/11\/Castelo_de_Mertola_-_Portugal_515182009.jpeg 1200w, https:\/\/roteirosarqueologicosdoalentejo.uevora.pt\/wp-content\/uploads\/2023\/11\/Castelo_de_Mertola_-_Portugal_515182009-300x200.jpeg 300w, https:\/\/roteirosarqueologicosdoalentejo.uevora.pt\/wp-content\/uploads\/2023\/11\/Castelo_de_Mertola_-_Portugal_515182009-1024x683.jpeg 1024w, https:\/\/roteirosarqueologicosdoalentejo.uevora.pt\/wp-content\/uploads\/2023\/11\/Castelo_de_Mertola_-_Portugal_515182009-768x512.jpeg 768w, https:\/\/roteirosarqueologicosdoalentejo.uevora.pt\/wp-content\/uploads\/2023\/11\/Castelo_de_Mertola_-_Portugal_515182009-650x433.jpeg 650w\" sizes=\"(max-width: 1200px) 100vw, 1200px\" \/><\/div>\t\t<div class=\"bdt-position-cover bdt-overlay bdt-overlay-default bdt-transition-fade\">\n\t\t\t<div class=\"bdt-ep-advanced-image-gallery-content\">\n\t\t\t\t<div class=\"bdt-ep-advanced-image-gallery-content-inner\">\n\n\t\t\t\t\t\t\t\t\t\t\t\t\t\t\t\t<div class=\"bdt-flex-inline bdt-ep-advanced-image-gallery-item-link-wrapper\">\n\t\t\t\t\t\t\t<a class=\"bdt-ep-advanced-image-gallery-item-link elementor-clickable icon-type-icon\" data-elementor-open-lightbox=\"no\" data-caption=\"\" href=\"https:\/\/roteirosarqueologicosdoalentejo.uevora.pt\/wp-content\/uploads\/2023\/11\/Castelo_de_Mertola_-_Portugal_515182009.jpeg\">\n\t\t\t\t\t\t\t\t\n\t\t\t\t\t\t\t\t\t\t\t\t\t\t\t\t\t\t\t<span>\n\t\t\t\t\t\t\t\t\t\t\t<i class=\"ep-icon-plus-2\"><\/i>\n\t\t\t\t\t\t\t\t\t\t<\/span>\n\t\t\t\t\t\t\t\t\t\n\t\t\t\t\t\t\t\t\t\t\t\t\t\t\t<\/a>\n\t\t\t\t\t\t<\/div>\n\t\t\t\t\t\n\t\t\t\t\t\t\t\t\t<\/div>\n\t\t\t<\/div>\n\t\t<\/div>\n\t\t\t\t<\/div>\r\n\r\n\t\t\t\t\t\t\t<\/div>\r\n\r\n\t\t\t\t\t\t\r\n\t\t\t<div class=\"bdt-ep-advanced-image-gallery-item bdt-transition-toggle\">\r\n\t\t\t\t<div class=\"bdt-ep-advanced-image-gallery-inner bdt-image-mask\">\r\n\t\t\t\t\t<div class=\"bdt-ep-advanced-image-gallery-thumbnail bdt-transition-toggle\"><img loading=\"lazy\" decoding=\"async\" width=\"2240\" height=\"1488\" src=\"https:\/\/roteirosarqueologicosdoalentejo.uevora.pt\/wp-content\/uploads\/2023\/11\/Mertola-Estruturas-arqueologicas-islamicas-do-Castelo-de-Mertola.jpg\" class=\"jgalleryImage\" alt=\"Me\u0301rtola Estruturas arqueolo\u0301gicas isla\u0302micas do Castelo de Me\u0301rtola\" srcset=\"https:\/\/roteirosarqueologicosdoalentejo.uevora.pt\/wp-content\/uploads\/2023\/11\/Mertola-Estruturas-arqueologicas-islamicas-do-Castelo-de-Mertola.jpg 2240w, https:\/\/roteirosarqueologicosdoalentejo.uevora.pt\/wp-content\/uploads\/2023\/11\/Mertola-Estruturas-arqueologicas-islamicas-do-Castelo-de-Mertola-300x199.jpg 300w, https:\/\/roteirosarqueologicosdoalentejo.uevora.pt\/wp-content\/uploads\/2023\/11\/Mertola-Estruturas-arqueologicas-islamicas-do-Castelo-de-Mertola-1024x680.jpg 1024w, https:\/\/roteirosarqueologicosdoalentejo.uevora.pt\/wp-content\/uploads\/2023\/11\/Mertola-Estruturas-arqueologicas-islamicas-do-Castelo-de-Mertola-768x510.jpg 768w, https:\/\/roteirosarqueologicosdoalentejo.uevora.pt\/wp-content\/uploads\/2023\/11\/Mertola-Estruturas-arqueologicas-islamicas-do-Castelo-de-Mertola-1536x1020.jpg 1536w, https:\/\/roteirosarqueologicosdoalentejo.uevora.pt\/wp-content\/uploads\/2023\/11\/Mertola-Estruturas-arqueologicas-islamicas-do-Castelo-de-Mertola-2048x1360.jpg 2048w, https:\/\/roteirosarqueologicosdoalentejo.uevora.pt\/wp-content\/uploads\/2023\/11\/Mertola-Estruturas-arqueologicas-islamicas-do-Castelo-de-Mertola-650x432.jpg 650w\" sizes=\"(max-width: 2240px) 100vw, 2240px\" \/><\/div>\t\t<div class=\"bdt-position-cover bdt-overlay bdt-overlay-default bdt-transition-fade\">\n\t\t\t<div class=\"bdt-ep-advanced-image-gallery-content\">\n\t\t\t\t<div class=\"bdt-ep-advanced-image-gallery-content-inner\">\n\n\t\t\t\t\t\t\t\t\t\t\t\t\t\t\t\t<div class=\"bdt-flex-inline bdt-ep-advanced-image-gallery-item-link-wrapper\">\n\t\t\t\t\t\t\t<a class=\"bdt-ep-advanced-image-gallery-item-link elementor-clickable icon-type-icon\" data-elementor-open-lightbox=\"no\" data-caption=\"\" href=\"https:\/\/roteirosarqueologicosdoalentejo.uevora.pt\/wp-content\/uploads\/2023\/11\/Mertola-Estruturas-arqueologicas-islamicas-do-Castelo-de-Mertola.jpg\">\n\t\t\t\t\t\t\t\t\n\t\t\t\t\t\t\t\t\t\t\t\t\t\t\t\t\t\t\t<span>\n\t\t\t\t\t\t\t\t\t\t\t<i class=\"ep-icon-plus-2\"><\/i>\n\t\t\t\t\t\t\t\t\t\t<\/span>\n\t\t\t\t\t\t\t\t\t\n\t\t\t\t\t\t\t\t\t\t\t\t\t\t\t<\/a>\n\t\t\t\t\t\t<\/div>\n\t\t\t\t\t\n\t\t\t\t\t\t\t\t\t<\/div>\n\t\t\t<\/div>\n\t\t<\/div>\n\t\t\t\t<\/div>\r\n\r\n\t\t\t\t\t\t\t<\/div>\r\n\r\n\t\t\t\t<\/div>\r\n\t\t\t\t\t\t\t<div class=\"bdt-position-z-index bdt-position-center bdt-visible@m\">\r\n\t\t\t<div class=\"bdt-arrows-container bdt-slidenav-container\">\r\n\t\t\t\t<a href=\"\" class=\"bdt-navigation-prev bdt-slidenav-previous bdt-slidenav\" data-bdt-slider-item=\"previous\">\r\n\t\t\t\t\t<i class=\"ep-icon-arrow-left-0\" aria-hidden=\"true\"><\/i>\r\n\t\t\t\t<\/a>\r\n\t\t\t\t<a href=\"\" class=\"bdt-navigation-next bdt-slidenav-next bdt-slidenav\" data-bdt-slider-item=\"next\">\r\n\t\t\t\t\t<i class=\"ep-icon-arrow-right-0\" aria-hidden=\"true\"><\/i>\r\n\t\t\t\t<\/a>\r\n\t\t\t<\/div>\r\n\t\t<\/div>\r\n\t\t\t\t\t<\/div>\r\n\t\t\t\t\t<\/div>\n\t\t\t\t<\/div>\n\t\t\t\t<div class=\"elementor-element elementor-element-2cde51c elementor-widget__width-initial elementor-widget-tablet__width-initial elementor-widget-mobile__width-inherit animated-fast elementor-invisible elementor-widget elementor-widget-text-editor\" data-id=\"2cde51c\" data-element_type=\"widget\" data-e-type=\"widget\" data-settings=\"{&quot;_animation&quot;:&quot;fadeInUp&quot;,&quot;_animation_delay&quot;:500}\" data-widget_type=\"text-editor.default\">\n\t\t\t\t<div class=\"elementor-widget-container\">\n\t\t\t\t\t\t\t\t\t<p>Archive Photographique du Champ Arch\u00e9ologique de M\u00e9rtola<\/p>\t\t\t\t\t\t\t\t<\/div>\n\t\t\t\t<\/div>\n\t\t\t\t\t<\/div>\n\t\t<\/div>\n\t\t\t\t\t<\/div>\n\t\t<\/div>\n\t\t\t\t<div class=\"elementor-section elementor-top-section elementor-element elementor-element-813992f elementor-section-boxed elementor-section-height-default elementor-section-height-default\" data-id=\"813992f\" data-element_type=\"section\" data-e-type=\"section\" data-settings=\"{&quot;background_background&quot;:&quot;classic&quot;}\">\n\t\t\t\t\t\t<div class=\"elementor-container elementor-column-gap-no\">\n\t\t\t\t\t<div class=\"elementor-column elementor-col-100 elementor-top-column elementor-element elementor-element-655e40c\" data-id=\"655e40c\" data-element_type=\"column\" data-e-type=\"column\">\n\t\t\t<div class=\"elementor-widget-wrap elementor-element-populated\">\n\t\t\t\t\t\t<div class=\"elementor-element elementor-element-db77e87 elementor-widget elementor-widget-heading\" data-id=\"db77e87\" data-element_type=\"widget\" data-e-type=\"widget\" data-widget_type=\"heading.default\">\n\t\t\t\t<div class=\"elementor-widget-container\">\n\t\t\t\t\t<h6 class=\"elementor-heading-title elementor-size-default\">DONN\u00c9ES EN 3D<\/h6>\t\t\t\t<\/div>\n\t\t\t\t<\/div>\n\t\t\t\t<div class=\"elementor-element elementor-element-b81f7e0 elementor-widget elementor-widget-html\" data-id=\"b81f7e0\" data-element_type=\"widget\" data-e-type=\"widget\" data-widget_type=\"html.default\">\n\t\t\t\t<div class=\"elementor-widget-container\">\n\t\t\t\t\t<style>\nmodel-viewer{\n    width:100%;\n    height: 700px;\n}\n@media (max-width: 1024px) {\nmodel-viewer{\n    height:600px;\n}\n}\n@media (max-width: 767px) {\nmodel-viewer{\n    height:350px;\n}\n}\n<\/style>\n\n<script src=\"https:\/\/unpkg.com\/@webcomponents\/webcomponentsjs@2.1.3\/webcomponents-loader.js\"><\/script> \n\n<model-viewer\n    src=\"https:\/\/roteirosarqueologicosdoalentejo.uevora.pt\/wp-content\/uploads\/2024\/10\/Castelo_mertola_reduce.glb\"\n    shadow-intensity=\"1\"\n    disable-zoom\n camera-controls\n auto-rotate\n camera-orbit=\"55deg 65deg\"\n>\n    <div slot=\"progress\">Loading...<\/div>\n<\/model-viewer>\n\n<script type=\"module\" src=\"https:\/\/unpkg.com\/@google\/model-viewer\/dist\/model-viewer.min.js\"><\/script>\n<script nomodule src=\"https:\/\/unpkg.com\/@google\/model-viewer\/dist\/model-viewer-legacy.js\"><\/script>\t\t\t\t<\/div>\n\t\t\t\t<\/div>\n\t\t\t\t\t<\/div>\n\t\t<\/div>\n\t\t\t\t\t<\/div>\n\t\t<\/div>\n\t\t\t\t<section class=\"elementor-section elementor-top-section elementor-element elementor-element-c3d1d92 elementor-section-boxed elementor-section-height-default elementor-section-height-default\" data-id=\"c3d1d92\" data-element_type=\"section\" data-e-type=\"section\">\n\t\t\t\t\t\t<div class=\"elementor-container elementor-column-gap-default\">\n\t\t\t\t\t<div class=\"elementor-column elementor-col-33 elementor-top-column elementor-element elementor-element-d2bd7c8\" data-id=\"d2bd7c8\" data-element_type=\"column\" data-e-type=\"column\">\n\t\t\t<div class=\"elementor-widget-wrap\">\n\t\t\t\t\t\t\t<\/div>\n\t\t<\/div>\n\t\t\t\t<div class=\"elementor-column elementor-col-33 elementor-top-column elementor-element elementor-element-9947571\" data-id=\"9947571\" data-element_type=\"column\" data-e-type=\"column\">\n\t\t\t<div class=\"elementor-widget-wrap elementor-element-populated\">\n\t\t\t\t\t\t<div class=\"elementor-element elementor-element-bd1a79e elementor-widget elementor-widget-heading\" data-id=\"bd1a79e\" data-element_type=\"widget\" data-e-type=\"widget\" data-widget_type=\"heading.default\">\n\t\t\t\t<div class=\"elementor-widget-container\">\n\t\t\t\t\t<h6 class=\"elementor-heading-title elementor-size-default\">Appui<\/h6>\t\t\t\t<\/div>\n\t\t\t\t<\/div>\n\t\t\t\t<div data-ep-wrapper-link=\"{&quot;url&quot;:&quot;https:\\\/\\\/www.cm-mertola.pt\\\/&quot;,&quot;is_external&quot;:&quot;on&quot;,&quot;nofollow&quot;:&quot;&quot;,&quot;custom_attributes&quot;:&quot;&quot;}\" style=\"cursor: pointer\" class=\"bdt-element-link elementor-element elementor-element-8464c14 elementor-widget elementor-widget-image\" data-id=\"8464c14\" data-element_type=\"widget\" data-e-type=\"widget\" data-widget_type=\"image.default\">\n\t\t\t\t<div class=\"elementor-widget-container\">\n\t\t\t\t\t\t\t\t\t\t\t\t\t\t\t<img loading=\"lazy\" decoding=\"async\" width=\"298\" height=\"189\" src=\"https:\/\/roteirosarqueologicosdoalentejo.uevora.pt\/wp-content\/uploads\/2023\/06\/camara_mertola_br-1.svg\" class=\"attachment-full size-full wp-image-251\" alt=\"\" \/>\t\t\t\t\t\t\t\t\t\t\t\t\t\t\t<\/div>\n\t\t\t\t<\/div>\n\t\t\t\t\t<\/div>\n\t\t<\/div>\n\t\t\t\t<div class=\"elementor-column elementor-col-33 elementor-top-column elementor-element elementor-element-42fcbaf\" data-id=\"42fcbaf\" data-element_type=\"column\" data-e-type=\"column\">\n\t\t\t<div class=\"elementor-widget-wrap\">\n\t\t\t\t\t\t\t<\/div>\n\t\t<\/div>\n\t\t\t\t\t<\/div>\n\t\t<\/section>\n\t\t\t\t<section class=\"elementor-section elementor-top-section elementor-element elementor-element-dbe8dd2 elementor-section-boxed elementor-section-height-default elementor-section-height-default\" data-id=\"dbe8dd2\" data-element_type=\"section\" data-e-type=\"section\" data-settings=\"{&quot;background_background&quot;:&quot;classic&quot;}\">\n\t\t\t\t\t\t<div class=\"elementor-container elementor-column-gap-default\">\n\t\t\t\t\t<div class=\"elementor-column elementor-col-50 elementor-top-column elementor-element elementor-element-f431040\" data-id=\"f431040\" data-element_type=\"column\" data-e-type=\"column\">\n\t\t\t<div class=\"elementor-widget-wrap elementor-element-populated\">\n\t\t\t\t\t\t<div class=\"elementor-element elementor-element-ee9be98 elementor-widget elementor-widget-heading\" data-id=\"ee9be98\" data-element_type=\"widget\" data-e-type=\"widget\" data-widget_type=\"heading.default\">\n\t\t\t\t<div class=\"elementor-widget-container\">\n\t\t\t\t\t<h6 class=\"elementor-heading-title elementor-size-default\">RECHERCHE<\/h6>\t\t\t\t<\/div>\n\t\t\t\t<\/div>\n\t\t\t\t<div class=\"elementor-element elementor-element-d4594f9 elementor-widget elementor-widget-heading\" data-id=\"d4594f9\" data-element_type=\"widget\" data-e-type=\"widget\" data-widget_type=\"heading.default\">\n\t\t\t\t<div class=\"elementor-widget-container\">\n\t\t\t\t\t<h2 class=\"elementor-heading-title elementor-size-default\">Bibliographie &amp; links utiles<\/h2>\t\t\t\t<\/div>\n\t\t\t\t<\/div>\n\t\t\t\t\t<\/div>\n\t\t<\/div>\n\t\t\t\t<div class=\"elementor-column elementor-col-50 elementor-top-column elementor-element elementor-element-061d087\" data-id=\"061d087\" data-element_type=\"column\" data-e-type=\"column\">\n\t\t\t<div class=\"elementor-widget-wrap elementor-element-populated\">\n\t\t\t\t\t\t<div class=\"elementor-element elementor-element-edcce27 elementor-widget elementor-widget-bdt-accordion\" data-id=\"edcce27\" data-element_type=\"widget\" data-e-type=\"widget\" data-widget_type=\"bdt-accordion.default\">\n\t\t\t\t<div class=\"elementor-widget-container\">\n\t\t\t\t\t        <div class=\"bdt-ep-accordion-container\">\r\n            <div id=\"bdt-ep-accordion-edcce27\" class=\"bdt-ep-accordion bdt-accordion\" data-bdt-accordion=\"{&quot;collapsible&quot;:true,&quot;multiple&quot;:false,&quot;transition&quot;:&quot;ease-in-out&quot;}\" data-settings=\"{&quot;id&quot;:&quot;bdt-ep-accordion-edcce27&quot;,&quot;activeHash&quot;:&quot;no&quot;,&quot;activeScrollspy&quot;:null,&quot;hashTopOffset&quot;:false,&quot;hashScrollspyTime&quot;:false}\">\r\n                                    <div class=\"bdt-ep-accordion-item\">\r\n                        <div class=\"bdt-ep-accordion-title bdt-accordion-title bdt-flex bdt-flex-middle bdt-flex-between\" id=\"bdt-ep-accordion-bibliografia\" data-accordion-index=\"0\" data-title=\"bibliografia\" role=\"heading\">\r\n\r\n                                                            <span class=\"bdt-ep-accordion-icon bdt-flex-align-right\" aria-hidden=\"true\">\r\n\r\n                                                                            <span class=\"bdt-ep-accordion-icon-closed\">\r\n                                            <i aria-hidden=\"true\" class=\"fa-fw ti ti-plus\"><\/i>                                        <\/span>\r\n                                    \r\n                                                                            <span class=\"bdt-ep-accordion-icon-opened\">\r\n                                            <i aria-hidden=\"true\" class=\"fa-fw ti ti-plus\"><\/i>                                        <\/span>\r\n                                    \r\n                                <\/span>\r\n                            \r\n                            <span class=\"bdt-ep-title-text bdt-flex bdt-flex-middle\">\r\n\r\n                                                                Bibliographie                            <\/span>\r\n\r\n                        <\/div>\r\n                        <div class=\"bdt-ep-accordion-content bdt-accordion-content\">\r\n                            <p class=\"p1\">BOI\u00c7A, Joaquim Manuel Ferreira (1998). <span class=\"s1\"><i>Imagin\u00e1ria de M\u00e9rtola: tempos, espa\u00e7os, representa\u00e7\u00f5es<\/i><\/span>, Campo Arqueol\u00f3gico de M\u00e9rtola, M\u00e9rtola, pp. 55-57.<\/p><p class=\"p1\">BOI\u00c7A, Joaquim Manuel Ferreira; BARROS, Maria de F\u00e1tima Rombouts de (2013). O Castelo de M\u00e9rtola, Estrutura e Organiza\u00e7\u00e3o Espacial (s\u00e9cs. XIII a XVI)<span class=\"s1\"><i>, In Mil Anos de Fortifica\u00e7\u00e3o na Pen\u00ednsula Ib\u00e9rica e no Magreb (500-1500), Actas do Simp\u00f3sio Internacional sobre Castelos<\/i><\/span>, Edi\u00e7\u00f5es Colibri, Palmela, pp. 579-586. Dispon\u00edvel em: <span style=\"font-weight: 400;\"><a href=\"http:\/\/hdl.handle.net\/10400.26\/4138\">Consultar Artigo Completo \u2192<\/a><\/span>  [Consultado a 29\/03\/2023].<\/p><p class=\"p1\">BOI\u00c7A, Joaquim Manuel Ferreira; BARROS, Maria de F\u00e1tima Rombouts de (2013). <span class=\"s1\"><i>O Castelo de M\u00e9rtola. Hist\u00f3ria, Espa\u00e7o e Formas, s\u00e9cs. XIII-XXI<\/i><\/span>, C\u00e2mara Municipal de M\u00e9rtola, M\u00e9rtola.<\/p><p class=\"p1\">BOI\u00c7A, Joaquim Manuel Ferreira; MATEUS, Rui (2014). <span class=\"s1\"><i>M\u00e9rtola: Roteiro de hist\u00f3ria urbana e patrim\u00f3nio<\/i><\/span>. Associa\u00e7\u00e3o de Defesa do Patrim\u00f3nio de M\u00e9rtola, M\u00e9rtola, pp. 74-75.<span class=\"Apple-converted-space\">\u00a0<\/span><\/p><p class=\"p1\">G\u00d3MEZ MART\u00cdNEZ, Susana, coord. (2014). <span class=\"s1\"><i>Museu de M\u00e9rtola. Cat\u00e1logo Geral<\/i><\/span>, Campo Arqueol\u00f3gico de M\u00e9rtola, M\u00e9rtola, pp. 84-99.<\/p><p class=\"p1\">G\u00d3MEZ MART\u00cdNEZ, Susana (2022). Poblamiento Emiral en el Garb Al-Andalus. <span class=\"s1\"><i>In Arqueologia &amp; Hist\u00f3ria, A Pen\u00ednsula Ib\u00e9rica entre os s\u00e9culos V e X \u2013 Continuidades, Transi\u00e7\u00e3o e Mudan\u00e7a<\/i><\/span>, 73, Associa\u00e7\u00e3o dos Arque\u00f3logos Portugueses, Lisboa, pp. 187-206. Dispon\u00edvel em: <span style=\"font-weight: 400;\"><a href=\"https:\/\/www.museuarqueologicodocarmo.pt\/publicacoes\/arqueologia_historia\/serie_13\/Vol_73\/P1_art15_AH_Vol73_web.pdf\">Consultar Artigo Completo \u2192<\/a><\/span> \u00a0[Consultado a 27 de mar\u00e7o de 2023].<\/p><p class=\"p1\">VEIGA, Est\u00e1cio da (1983). <span class=\"s1\"><i>Mem\u00f3ria das Antiguidades de M\u00e9rtola<\/i><\/span>, Edi\u00e7\u00e3o fac-similada de 1880. Imprensa Nacional \/ C\u00e2mara Municipal de M\u00e9rtola, Lisboa, pp. 150-151.<\/p><p class=\"p1\">TORRES, Cl\u00e1udio; BOI\u00c7A, Joaquim Manuel Ferreira; PASSINHAS, Manuel; LOPES, Virg\u00edlio (1991). <span class=\"s1\"><i>Museu de M\u00e9rtola, N\u00facleo do Castelo<\/i><\/span>, Campo Arqueol\u00f3gico de M\u00e9rtola, M\u00e9rtola.<\/p>                        <\/div>\r\n                    <\/div>\r\n                                    <div class=\"bdt-ep-accordion-item\">\r\n                        <div class=\"bdt-ep-accordion-title bdt-accordion-title bdt-flex bdt-flex-middle bdt-flex-between\" id=\"bdt-ep-accordion-links\" data-accordion-index=\"1\" data-title=\"links\" role=\"heading\">\r\n\r\n                                                            <span class=\"bdt-ep-accordion-icon bdt-flex-align-right\" aria-hidden=\"true\">\r\n\r\n                                                                            <span class=\"bdt-ep-accordion-icon-closed\">\r\n                                            <i aria-hidden=\"true\" class=\"fa-fw ti ti-plus\"><\/i>                                        <\/span>\r\n                                    \r\n                                                                            <span class=\"bdt-ep-accordion-icon-opened\">\r\n                                            <i aria-hidden=\"true\" class=\"fa-fw ti ti-plus\"><\/i>                                        <\/span>\r\n                                    \r\n                                <\/span>\r\n                            \r\n                            <span class=\"bdt-ep-title-text bdt-flex bdt-flex-middle\">\r\n\r\n                                                                Links                            <\/span>\r\n\r\n                        <\/div>\r\n                        <div class=\"bdt-ep-accordion-content bdt-accordion-content\">\r\n                            <p class=\"p1\"><span class=\"s1\"><a href=\"https:\/\/www.youtube.com\/watch?v=4YyeG45CmQo\">https:\/\/www.youtube.com\/watch?v=4YyeG45CmQo<\/a><\/span><\/p><p class=\"p2\"><span class=\"s1\"><a href=\"http:\/\/www.monumentos.gov.pt\/site\/APP_PagesUser\/SIPA.aspx?id=1045\">http:\/\/www.monumentos.gov.pt\/site\/APP_PagesUser\/SIPA.aspx?id=1045<\/a><\/span><span class=\"s2\"><span class=\"Apple-converted-space\">\u00a0<\/span><\/span><\/p><p class=\"p2\"><span class=\"s1\"><a href=\"https:\/\/arqueologia.patrimoniocultural.pt\/index.php?sid=sitios&amp;subsid=47540\">https:\/\/arqueologia.patrimoniocultural.pt\/index.php?sid=sitios&amp;subsid=47540<\/a><\/span><span class=\"s2\"><span class=\"Apple-converted-space\">\u00a0<\/span><\/span><\/p><p class=\"p2\"><span class=\"s1\"><a href=\"https:\/\/www.museudemertola.pt\/nucleos-exposicao\/castelo-de-mertola\/\">https:\/\/www.museudemertola.pt\/nucleos-exposicao\/castelo-de-mertola\/<\/a><\/span><span class=\"s2\"><span class=\"Apple-converted-space\">\u00a0<\/span><\/span><\/p><p class=\"p2\"><span class=\"s1\"><a href=\"http:\/\/patrimonioislamico.ulusofona.pt\/detalhe.php?id=448\">http:\/\/patrimonioislamico.ulusofona.pt\/detalhe.php?id=448<\/a><\/span><span class=\"s2\"><span class=\"Apple-converted-space\">\u00a0<\/span><\/span><\/p><p class=\"p2\"><span class=\"s1\"><a href=\"https:\/\/www.visitportugal.com\/pt-pt\/content\/castelo-de-m%25C3%25A9rtola\">https:\/\/www.visitportugal.com\/pt-pt\/content\/castelo-de-m%C3%A9rtola<\/a><\/span><span class=\"s2\"><span class=\"Apple-converted-space\">\u00a0<\/span><\/span><\/p><p class=\"p2\"><span class=\"s1\"><a href=\"https:\/\/fortalezasdefronteira.turismodeportugal.pt\/pt-pt\/node\/81\">https:\/\/fortalezasdefronteira.turismodeportugal.pt\/pt-pt\/node\/81<\/a><\/span><span class=\"s2\"><span class=\"Apple-converted-space\">\u00a0<\/span><\/span><\/p><p class=\"p2\"><span class=\"s1\"><a href=\"https:\/\/cimbal.pt\/pt\/12780\/castelo-de-mertola.aspx\">https:\/\/cimbal.pt\/pt\/12780\/castelo-de-mertola.aspx<\/a><\/span><span class=\"s2\"><span class=\"Apple-converted-space\">\u00a0<\/span><\/span><\/p><p class=\"p2\"><span class=\"s1\"><a href=\"https:\/\/www.castelosdeportugal.pt\/castelos\/Castelos(pre)SECXII\/mertola.html\">https:\/\/www.castelosdeportugal.pt\/castelos\/Castelos(pre)SECXII\/mertola.html<\/a><\/span><span class=\"s2\"><span class=\"Apple-converted-space\">\u00a0<\/span><\/span><\/p>                        <\/div>\r\n                    <\/div>\r\n                            <\/div>\r\n        <\/div>\r\n    \t\t\t\t<\/div>\n\t\t\t\t<\/div>\n\t\t\t\t\t<\/div>\n\t\t<\/div>\n\t\t\t\t\t<\/div>\n\t\t<\/section>\n\t\t\t\t<\/div>","protected":false},"excerpt":{"rendered":"<p>M\u00e9rtola Castelo de M\u00e9rtola Coordenadas 37\u00ba38&#8217;17.33&#8243;N \/ 7\u00ba39&#8217;51.92&#8243;O Direc\u00e7\u00f5es De ter\u00e7a-feira a domingo Manh\u00e3: 9h10 \u00e0s 12h30 \/ Tarde: 14h00 \u00e0s 17h20; [&hellip;]<\/p>","protected":false},"author":1,"featured_media":1531,"comment_status":"closed","ping_status":"closed","sticky":false,"template":"elementor_header_footer","format":"standard","meta":{"_acf_changed":false,"footnotes":""},"categories":[9],"tags":[],"class_list":["post-793","post","type-post","status-publish","format-standard","has-post-thumbnail","hentry","category-mertola"],"aioseo_notices":[],"acf":[],"_links":{"self":[{"href":"https:\/\/roteirosarqueologicosdoalentejo.uevora.pt\/fr\/wp-json\/wp\/v2\/posts\/793","targetHints":{"allow":["GET"]}}],"collection":[{"href":"https:\/\/roteirosarqueologicosdoalentejo.uevora.pt\/fr\/wp-json\/wp\/v2\/posts"}],"about":[{"href":"https:\/\/roteirosarqueologicosdoalentejo.uevora.pt\/fr\/wp-json\/wp\/v2\/types\/post"}],"author":[{"embeddable":true,"href":"https:\/\/roteirosarqueologicosdoalentejo.uevora.pt\/fr\/wp-json\/wp\/v2\/users\/1"}],"replies":[{"embeddable":true,"href":"https:\/\/roteirosarqueologicosdoalentejo.uevora.pt\/fr\/wp-json\/wp\/v2\/comments?post=793"}],"version-history":[{"count":0,"href":"https:\/\/roteirosarqueologicosdoalentejo.uevora.pt\/fr\/wp-json\/wp\/v2\/posts\/793\/revisions"}],"wp:featuredmedia":[{"embeddable":true,"href":"https:\/\/roteirosarqueologicosdoalentejo.uevora.pt\/fr\/wp-json\/wp\/v2\/media\/1531"}],"wp:attachment":[{"href":"https:\/\/roteirosarqueologicosdoalentejo.uevora.pt\/fr\/wp-json\/wp\/v2\/media?parent=793"}],"wp:term":[{"taxonomy":"category","embeddable":true,"href":"https:\/\/roteirosarqueologicosdoalentejo.uevora.pt\/fr\/wp-json\/wp\/v2\/categories?post=793"},{"taxonomy":"post_tag","embeddable":true,"href":"https:\/\/roteirosarqueologicosdoalentejo.uevora.pt\/fr\/wp-json\/wp\/v2\/tags?post=793"}],"curies":[{"name":"wp","href":"https:\/\/api.w.org\/{rel}","templated":true}]}}