{"id":1311,"date":"2023-06-17T06:55:49","date_gmt":"2023-06-17T06:55:49","guid":{"rendered":"https:\/\/roteirosarqueologicosdoalentejo.uevora.pt\/?p=1311"},"modified":"2023-11-28T14:43:29","modified_gmt":"2023-11-28T14:43:29","slug":"castelo-de-montemor-o-novo","status":"publish","type":"post","link":"https:\/\/roteirosarqueologicosdoalentejo.uevora.pt\/es\/castelo-de-montemor-o-novo\/","title":{"rendered":"Castillo de <br>Montemor-o-Novo"},"content":{"rendered":"<div data-elementor-type=\"wp-post\" data-elementor-id=\"1311\" class=\"elementor elementor-1311\" data-elementor-post-type=\"post\">\n\t\t\t\t\t\t<div class=\"elementor-section elementor-top-section elementor-element elementor-element-623a4d0 elementor-section-boxed elementor-section-height-default elementor-section-height-default\" data-id=\"623a4d0\" data-element_type=\"section\" data-e-type=\"section\" data-settings=\"{&quot;background_background&quot;:&quot;classic&quot;}\">\n\t\t\t\t\t\t\t<div class=\"elementor-background-overlay\"><\/div>\n\t\t\t\t\t\t\t<div class=\"elementor-container elementor-column-gap-default\">\n\t\t\t\t\t<div class=\"elementor-column elementor-col-100 elementor-top-column elementor-element elementor-element-9bffd6c\" data-id=\"9bffd6c\" data-element_type=\"column\" data-e-type=\"column\">\n\t\t\t<div class=\"elementor-widget-wrap elementor-element-populated\">\n\t\t\t\t\t\t<div class=\"elementor-element elementor-element-b6eb809 elementor-widget elementor-widget-heading\" data-id=\"b6eb809\" data-element_type=\"widget\" data-e-type=\"widget\" data-widget_type=\"heading.default\">\n\t\t\t\t<div class=\"elementor-widget-container\">\n\t\t\t\t\t<h6 class=\"elementor-heading-title elementor-size-default\">Montemor-o-Novo<\/h6>\t\t\t\t<\/div>\n\t\t\t\t<\/div>\n\t\t\t\t<div class=\"elementor-element elementor-element-adf8470 elementor-widget__width-initial elementor-widget-tablet__width-initial  ui-split-animate ui-splitby-chars elementor-widget elementor-widget-heading\" data-id=\"adf8470\" data-element_type=\"widget\" data-e-type=\"widget\" data-settings=\"{&quot;ui_animate_split&quot;:&quot;ui-split-animate&quot;,&quot;_animation&quot;:&quot;none&quot;,&quot;ui_animate_split_by&quot;:&quot;chars&quot;,&quot;ui_animate_split_style&quot;:&quot;fadeInUp&quot;}\" data-widget_type=\"heading.default\">\n\t\t\t\t<div class=\"elementor-widget-container\">\n\t\t\t\t\t<h1 class=\"elementor-heading-title elementor-size-default\">Castillo de <br>Montemor-o-Novo<\/h1>\t\t\t\t<\/div>\n\t\t\t\t<\/div>\n\t\t\t\t\t<\/div>\n\t\t<\/div>\n\t\t\t\t\t<\/div>\n\t\t<\/div>\n\t\t\t\t<div class=\"elementor-section elementor-top-section elementor-element elementor-element-55b256c elementor-section-full_width elementor-section-height-default elementor-section-height-default\" data-id=\"55b256c\" data-element_type=\"section\" data-e-type=\"section\">\n\t\t\t\t\t\t<div class=\"elementor-container elementor-column-gap-default\">\n\t\t\t\t\t<div class=\"elementor-column elementor-col-100 elementor-top-column elementor-element elementor-element-51ba1fa\" data-id=\"51ba1fa\" data-element_type=\"column\" data-e-type=\"column\">\n\t\t\t<div class=\"elementor-widget-wrap elementor-element-populated\">\n\t\t\t\t\t\t<div class=\"elementor-section elementor-inner-section elementor-element elementor-element-8769cf0 elementor-reverse-mobile elementor-section-boxed elementor-section-height-default elementor-section-height-default\" data-id=\"8769cf0\" data-element_type=\"section\" data-e-type=\"section\" data-settings=\"{&quot;background_background&quot;:&quot;gradient&quot;}\">\n\t\t\t\t\t\t<div class=\"elementor-container elementor-column-gap-default\">\n\t\t\t\t\t<div class=\"elementor-column elementor-col-50 elementor-inner-column elementor-element elementor-element-05e75ba\" data-id=\"05e75ba\" data-element_type=\"column\" data-e-type=\"column\" data-settings=\"{&quot;background_background&quot;:&quot;classic&quot;}\">\n\t\t\t<div class=\"elementor-widget-wrap elementor-element-populated\">\n\t\t\t\t\t\t<div class=\"elementor-element elementor-element-670a201 elementor-widget elementor-widget-icon-box\" data-id=\"670a201\" data-element_type=\"widget\" data-e-type=\"widget\" data-widget_type=\"icon-box.default\">\n\t\t\t\t<div class=\"elementor-widget-container\">\n\t\t\t\t\t\t\t<div class=\"elementor-icon-box-wrapper\">\n\n\t\t\t\n\t\t\t\t\t\t<div class=\"elementor-icon-box-content\">\n\n\t\t\t\t\t\t\t\t\t<span class=\"elementor-icon-box-title\">\n\t\t\t\t\t\t<span  >\n\t\t\t\t\t\t\tCoordenadas\t\t\t\t\t\t<\/span>\n\t\t\t\t\t<\/span>\n\t\t\t\t\n\t\t\t\t\t\t\t\t\t<p class=\"elementor-icon-box-description\">\n\t\t\t\t\t\t38\u00ba38'35.18\"N \/ 8\u00ba12'58.80\"O\t\t\t\t\t<\/p>\n\t\t\t\t\n\t\t\t<\/div>\n\t\t\t\n\t\t<\/div>\n\t\t\t\t\t\t<\/div>\n\t\t\t\t<\/div>\n\t\t\t\t<div class=\"elementor-element elementor-element-4c2a909 elementor-widget elementor-widget-button\" data-id=\"4c2a909\" data-element_type=\"widget\" data-e-type=\"widget\" data-widget_type=\"button.default\">\n\t\t\t\t<div class=\"elementor-widget-container\">\n\t\t\t\t\t\t\t\t\t<div class=\"elementor-button-wrapper\">\n\t\t\t\t\t<a class=\"elementor-button elementor-button-link elementor-size-sm\" href=\"https:\/\/goo.gl\/maps\/vKHwmD47YbezGp3h7\">\n\t\t\t\t\t\t<span class=\"elementor-button-content-wrapper\">\n\t\t\t\t\t\t<span class=\"elementor-button-icon\">\n\t\t\t\t<i aria-hidden=\"true\" class=\"fas fa-arrow-right\"><\/i>\t\t\t<\/span>\n\t\t\t\t\t\t\t\t\t<span class=\"elementor-button-text\">Direcciones<\/span>\n\t\t\t\t\t<\/span>\n\t\t\t\t\t<\/a>\n\t\t\t\t<\/div>\n\t\t\t\t\t\t\t\t<\/div>\n\t\t\t\t<\/div>\n\t\t\t\t<div class=\"elementor-element elementor-element-2ba5aa0 elementor-position-inline-start elementor-mobile-position-inline-start elementor-view-default elementor-widget elementor-widget-icon-box\" data-id=\"2ba5aa0\" data-element_type=\"widget\" data-e-type=\"widget\" data-widget_type=\"icon-box.default\">\n\t\t\t\t<div class=\"elementor-widget-container\">\n\t\t\t\t\t\t\t<div class=\"elementor-icon-box-wrapper\">\n\n\t\t\t\t\t\t<div class=\"elementor-icon-box-icon\">\n\t\t\t\t<span  class=\"elementor-icon\">\n\t\t\t\t<i aria-hidden=\"true\" class=\"far fa-clock\"><\/i>\t\t\t\t<\/span>\n\t\t\t<\/div>\n\t\t\t\n\t\t\t\t\t\t<div class=\"elementor-icon-box-content\">\n\n\t\t\t\t\t\t\t\t\t<h3 class=\"elementor-icon-box-title\">\n\t\t\t\t\t\t<span  >\n\t\t\t\t\t\t\tHorario\t\t\t\t\t\t<\/span>\n\t\t\t\t\t<\/h3>\n\t\t\t\t\n\t\t\t\t\t\t\t\t\t<p class=\"elementor-icon-box-description translation-block\">Octubre a marzo: 9h00 - 12h30 y 14h00 - 17h30;<br>\nAbril a septiembre: 10h00 - 13h00 y 14h30 - 18h30;<br>\nCierra los lunes<\/p>\n\t\t\t\t\n\t\t\t<\/div>\n\t\t\t\n\t\t<\/div>\n\t\t\t\t\t\t<\/div>\n\t\t\t\t<\/div>\n\t\t\t\t\t<\/div>\n\t\t<\/div>\n\t\t\t\t<div class=\"elementor-column elementor-col-50 elementor-inner-column elementor-element elementor-element-a1f81bd\" data-id=\"a1f81bd\" data-element_type=\"column\" data-e-type=\"column\">\n\t\t\t<div class=\"elementor-widget-wrap\">\n\t\t\t\t\t\t\t<\/div>\n\t\t<\/div>\n\t\t\t\t\t<\/div>\n\t\t<\/div>\n\t\t\t\t\t<\/div>\n\t\t<\/div>\n\t\t\t\t\t<\/div>\n\t\t<\/div>\n\t\t\t\t<div class=\"elementor-section elementor-top-section elementor-element elementor-element-328ea0c elementor-section-boxed elementor-section-height-default elementor-section-height-default\" data-id=\"328ea0c\" data-element_type=\"section\" data-e-type=\"section\" data-settings=\"{&quot;background_background&quot;:&quot;classic&quot;}\">\n\t\t\t\t\t\t<div class=\"elementor-container elementor-column-gap-no\">\n\t\t\t\t\t<div class=\"elementor-column elementor-col-100 elementor-top-column elementor-element elementor-element-4f82817\" data-id=\"4f82817\" data-element_type=\"column\" data-e-type=\"column\">\n\t\t\t<div class=\"elementor-widget-wrap elementor-element-populated\">\n\t\t\t\t\t\t<section class=\"elementor-section elementor-inner-section elementor-element elementor-element-36a9448 elementor-section-boxed elementor-section-height-default elementor-section-height-default\" data-id=\"36a9448\" data-element_type=\"section\" data-e-type=\"section\">\n\t\t\t\t\t\t<div class=\"elementor-container elementor-column-gap-default\">\n\t\t\t\t\t<div class=\"elementor-column elementor-col-50 elementor-inner-column elementor-element elementor-element-f2aa931\" data-id=\"f2aa931\" data-element_type=\"column\" data-e-type=\"column\">\n\t\t\t<div class=\"elementor-widget-wrap elementor-element-populated\">\n\t\t\t\t\t\t<div class=\"elementor-element elementor-element-6e0a935 elementor-widget elementor-widget-heading\" data-id=\"6e0a935\" data-element_type=\"widget\" data-e-type=\"widget\" data-widget_type=\"heading.default\">\n\t\t\t\t<div class=\"elementor-widget-container\">\n\t\t\t\t\t<h6 class=\"elementor-heading-title elementor-size-default\">Sobre<\/h6>\t\t\t\t<\/div>\n\t\t\t\t<\/div>\n\t\t\t\t<div class=\"elementor-element elementor-element-fd1212c animated-fast elementor-invisible elementor-widget elementor-widget-heading\" data-id=\"fd1212c\" data-element_type=\"widget\" data-e-type=\"widget\" data-settings=\"{&quot;_animation&quot;:&quot;fadeInUp&quot;,&quot;_animation_delay&quot;:100}\" data-widget_type=\"heading.default\">\n\t\t\t\t<div class=\"elementor-widget-container\">\n\t\t\t\t\t<h2 class=\"elementor-heading-title elementor-size-default\">El Castillo de Montemor- o- Novo<\/h2>\t\t\t\t<\/div>\n\t\t\t\t<\/div>\n\t\t\t\t<div class=\"elementor-element elementor-element-3969795 animated-fast elementor-invisible elementor-widget elementor-widget-text-editor\" data-id=\"3969795\" data-element_type=\"widget\" data-e-type=\"widget\" data-settings=\"{&quot;_animation&quot;:&quot;fadeInUp&quot;,&quot;_animation_delay&quot;:150}\" data-widget_type=\"text-editor.default\">\n\t\t\t\t<div class=\"elementor-widget-container\">\n\t\t\t\t\t\t\t\t\t<p><span style=\"font-weight: 400;\">Actualmente, el conjunto conocido como Castillo de Montemor-o-Novo comprende, no s\u00f3lo del castillo, como tambi\u00e9n la cerca amurallada que rodeaba el conglomerado urbano de esta localidad durante la Baja Edad Media. No se sabe, exactamente, cu\u00e1l fue su origen, si fue fundada durante el per\u00edodo almohade (siglo XII) o despu\u00e9s de la atribuci\u00f3n del Fuero por Sancho I en 1203. En el reinado de D. Dinis (1279-1325) se realizaron obras, como la construcci\u00f3n de las murallas de la cerca urbana, que llegaron a tener 20 torres. En 1495, se reunieron aqu\u00ed, en el Pazo de los Alcaides, las Cortes convocadas por Manuel I tras la muerte de su antecesor, Jo\u00e3o II.<\/span><\/p><p><span style=\"font-weight: 400;\">La cerca urbana dispon\u00eda de cuatro puertas de acceso, de las cuales todav\u00eda se conservan tres: la de Santiago (o Puerta del Sol), la del Obispo (o Puerta del \u00c1ngel), la de la Villa (Puerta de Santar\u00e9m o Puerta Nueva) y la desaparecida Puerta de \u00c9vora. Al sur de este conjunto se localizan las ruinas del Pazo de los Alcaides, que era el n\u00facleo primitivo del castillo, muy afectado por el Terremoto de 1755.<\/span><\/p><p class=\" translation-block\">A partir del siglo XIV, con el clima de paz que reinaba, los habitantes de Montemor-o-Novo comenzaron a instalarse fuera de las murallas y en \u00e1reas m\u00e1s bajas, dando origen a la Villa Nueva. Por lo que se refiere a la Villa Vieja, las Memorias Parroquiales, de 1758 relatan que en esa \u00e9poca s\u00f3lo viv\u00edan en ella dos familias.<\/p><p><span style=\"font-weight: 400;\">En el interior de la muralla se encuentra, tambi\u00e9n, la iglesia de San Juan Bautista, la iglesia de Santiago, el Convento de la Anunciaci\u00f3n y la iglesia de Santa Mar\u00eda del Obispo (en ruinas), as\u00ed como un \u00e1rea arqueol\u00f3gica donde es posible ver un conjunto de calles y de viviendas que existieron entre los siglos XIII y XVII.<\/span><\/p>\t\t\t\t\t\t\t\t<\/div>\n\t\t\t\t<\/div>\n\t\t\t\t\t<\/div>\n\t\t<\/div>\n\t\t\t\t<div class=\"elementor-column elementor-col-50 elementor-inner-column elementor-element elementor-element-3ee13e8\" data-id=\"3ee13e8\" data-element_type=\"column\" data-e-type=\"column\">\n\t\t\t<div class=\"elementor-widget-wrap elementor-element-populated\">\n\t\t\t\t\t\t<div class=\"elementor-element elementor-element-e40edb0 elementor-widget elementor-widget-html\" data-id=\"e40edb0\" data-element_type=\"widget\" data-e-type=\"widget\" data-widget_type=\"html.default\">\n\t\t\t\t<div class=\"elementor-widget-container\">\n\t\t\t\t\t<div class=\"sketchfab-embed-wrapper\"> <iframe title=\"Cisterna | Castelo de Montemor-o-Novo\" frameborder=\"0\" allowfullscreen height=\"750px\" mozallowfullscreen=\"true\" webkitallowfullscreen=\"true\" allow=\"autoplay; fullscreen; xr-spatial-tracking\" xr-spatial-tracking execution-while-out-of-viewport execution-while-not-rendered web-share src=\"https:\/\/sketchfab.com\/models\/4efefa48d95d49788974b4349fef9dac\/embed?autostart=1\"> <\/iframe> <\/div>\t\t\t\t<\/div>\n\t\t\t\t<\/div>\n\t\t\t\t\t<\/div>\n\t\t<\/div>\n\t\t\t\t\t<\/div>\n\t\t<\/section>\n\t\t\t\t\t<\/div>\n\t\t<\/div>\n\t\t\t\t\t<\/div>\n\t\t<\/div>\n\t\t\t\t<div class=\"elementor-section elementor-top-section elementor-element elementor-element-2275f1b elementor-section-boxed elementor-section-height-default elementor-section-height-default\" data-id=\"2275f1b\" data-element_type=\"section\" data-e-type=\"section\" data-settings=\"{&quot;background_background&quot;:&quot;classic&quot;}\">\n\t\t\t\t\t\t<div class=\"elementor-container elementor-column-gap-default\">\n\t\t\t\t\t<div class=\"elementor-column elementor-col-50 elementor-top-column elementor-element elementor-element-ca99314\" data-id=\"ca99314\" data-element_type=\"column\" data-e-type=\"column\">\n\t\t\t<div class=\"elementor-widget-wrap elementor-element-populated\">\n\t\t\t\t\t\t<div class=\"elementor-element elementor-element-2b7b9b8 animated-fast elementor-invisible elementor-widget elementor-widget-heading\" data-id=\"2b7b9b8\" data-element_type=\"widget\" data-e-type=\"widget\" data-settings=\"{&quot;_animation&quot;:&quot;fadeInUp&quot;}\" data-widget_type=\"heading.default\">\n\t\t\t\t<div class=\"elementor-widget-container\">\n\t\t\t\t\t<h6 class=\"elementor-heading-title elementor-size-default\">Acessibilidades<\/h6>\t\t\t\t<\/div>\n\t\t\t\t<\/div>\n\t\t\t\t<div class=\"elementor-element elementor-element-fd2b4c3  ui-split-animate ui-splitby-lines elementor-widget elementor-widget-heading\" data-id=\"fd2b4c3\" data-element_type=\"widget\" data-e-type=\"widget\" data-settings=\"{&quot;ui_animate_split&quot;:&quot;ui-split-animate&quot;,&quot;ui_animate_split_by&quot;:&quot;lines&quot;,&quot;ui_animate_split_style&quot;:&quot;fadeInUp&quot;}\" data-widget_type=\"heading.default\">\n\t\t\t\t<div class=\"elementor-widget-container\">\n\t\t\t\t\t<h2 class=\"elementor-heading-title elementor-size-default\">Prepare la visita<\/h2>\t\t\t\t<\/div>\n\t\t\t\t<\/div>\n\t\t\t\t<div class=\"elementor-element elementor-element-edd6c67 elementor-widget__width-initial elementor-widget-tablet__width-initial elementor-widget-mobile__width-inherit animated-fast elementor-invisible elementor-widget elementor-widget-text-editor\" data-id=\"edd6c67\" data-element_type=\"widget\" data-e-type=\"widget\" data-settings=\"{&quot;_animation&quot;:&quot;fadeInUp&quot;,&quot;_animation_delay&quot;:500}\" data-widget_type=\"text-editor.default\">\n\t\t\t\t<div class=\"elementor-widget-container\">\n\t\t\t\t\t\t\t\t\t<p class=\"p1\">El Castillo de Montemor-o-Novo dispone de un Centro de Interpretaci\u00f3n, localizado en la Iglesia de Santiago, un edificio del siglo XIV.<\/p><p class=\"p1\">Tel\u00e9fono: 266898103<\/p><p class=\"p1\">Precio de las entradas:<\/p><p class=\"p1\">Visita al Centro de Interpretaci\u00f3n \u2013 2,50\u20ac<\/p><p class=\"p1\">Visita guiada al Centro de Interpretaci\u00f3n y al Castillo \u2013 5\u20ac<\/p><p class=\"p1\">Entrada gratuita para: ni\u00f1os hasta 14 a\u00f1os incluidos; los domingos por la ma\u00f1ana; asociaciones, escuelas y grupos de Actividades de Tiempos Libres del municipio, mediante cita previa; grupos de Instituciones Portuguesas de Solidaridad Social o de Acci\u00f3n Social de Ayuntamientos u otras instituciones de inter\u00e9s p\u00fablico; periodistas y gu\u00edas\/operadores tur\u00edsticos en el ejercicio de sus funciones MEDIANTE AUTORIZACI\u00d3N PREVIA.<\/p><p class=\"p1\">Descuentos de 50% para tarjeta joven y de estudiante; personas con m\u00e1s de 65 a\u00f1os y jubilados; visitas de estudio, solicit\u00e1ndolo previamente; grupos organizados con m\u00e1s de 15 visitantes, desde que soliciten la visita previamente; billete de familia \u2013 descuento de 50% para uno de los acompa\u00f1antes en la compra de 3 entradas; discapacitados; Tarjeta Mor Solidario; Tarjeta Mor Lazer.<\/p>\t\t\t\t\t\t\t\t<\/div>\n\t\t\t\t<\/div>\n\t\t\t\t\t<\/div>\n\t\t<\/div>\n\t\t\t\t<div class=\"elementor-column elementor-col-50 elementor-top-column elementor-element elementor-element-7a1e34d\" data-id=\"7a1e34d\" data-element_type=\"column\" data-e-type=\"column\">\n\t\t\t<div class=\"elementor-widget-wrap elementor-element-populated\">\n\t\t\t\t\t\t<section class=\"elementor-section elementor-inner-section elementor-element elementor-element-74af25c elementor-section-boxed elementor-section-height-default elementor-section-height-default\" data-id=\"74af25c\" data-element_type=\"section\" data-e-type=\"section\">\n\t\t\t\t\t\t<div class=\"elementor-container elementor-column-gap-default\">\n\t\t\t\t\t<div class=\"elementor-column elementor-col-50 elementor-inner-column elementor-element elementor-element-8c868d0\" data-id=\"8c868d0\" data-element_type=\"column\" data-e-type=\"column\">\n\t\t\t<div class=\"elementor-widget-wrap elementor-element-populated\">\n\t\t\t\t\t\t<div class=\"elementor-element elementor-element-19ac3fc animated-fast bdt-icon-type-icon elementor-position-top bdt-icon-effect-none elementor-invisible elementor-widget elementor-widget-bdt-advanced-icon-box\" data-id=\"19ac3fc\" data-element_type=\"widget\" data-e-type=\"widget\" data-settings=\"{&quot;_animation&quot;:&quot;fadeInUp&quot;,&quot;_animation_delay&quot;:500}\" data-widget_type=\"bdt-advanced-icon-box.default\">\n\t\t\t\t<div class=\"elementor-widget-container\">\n\t\t\t\t\t\t\t<div class=\"bdt-ep-advanced-icon-box\">\n\n\t\t\t\t\t\t\t\n\t\t\t\t\t\t\t<div class=\"bdt-ep-advanced-icon-box-icon\">\n\t\t\t\t\t<span class=\"bdt-ep-advanced-icon-box-icon-wrap\">\n\n\n\t\t\t\t\t\t\n\t\t\t\t\t\t\t<i aria-hidden=\"true\" class=\"ti ti-wheelchair\"><\/i>\n\n\t\t\t\t\t\t\t\t\t\t\t<\/span>\n\t\t\t\t<\/div>\n\t\t\t\n\t\t\t\t\t\n\t\t\t<div class=\"bdt-ep-advanced-icon-box-content\">\n\n\t\t\t\t\t\t\t\t\t\n\t\t\t\t<h3 class=\"bdt-ep-advanced-icon-box-title\">\n\t\t\t\t<span >\n\t\t\t\t\tMovilidad reducida \t\t\t\t<\/span>\n\t\t\t<\/h3>\n\t\t\n\n\t\t\n\t\t\t\t\t\t\n\t\t\t\t\n\t\t\t\t\t\t\t\t\t<div class=\"bdt-ep-advanced-icon-box-description\">\n\t\t\t\t\t\t<p>El Castelo de Montemor-o-Novo podr\u00e1 ser visitado por personas con movilidad reducida (cadeiras de ruedas o carritos de beb\u00e9). Aconselha-se, nas visitas com crian\u00e7as, que tiene siempre un adulto responsable.<\/p>\t\t\t\t\t<\/div>\n\t\t\t\t\n\t\t\t\t\t\t\t<\/div>\n\t\t<\/div>\n\n\t\t\n\t\t\n\t\t\t\t\t\t<\/div>\n\t\t\t\t<\/div>\n\t\t\t\t\t<\/div>\n\t\t<\/div>\n\t\t\t\t<div class=\"elementor-column elementor-col-50 elementor-inner-column elementor-element elementor-element-ff08dad\" data-id=\"ff08dad\" data-element_type=\"column\" data-e-type=\"column\">\n\t\t\t<div class=\"elementor-widget-wrap elementor-element-populated\">\n\t\t\t\t\t\t<div class=\"elementor-element elementor-element-f9b2065 animated-fast bdt-icon-type-icon elementor-position-top bdt-icon-effect-none elementor-invisible elementor-widget elementor-widget-bdt-advanced-icon-box\" data-id=\"f9b2065\" data-element_type=\"widget\" data-e-type=\"widget\" data-settings=\"{&quot;_animation&quot;:&quot;fadeInUp&quot;,&quot;_animation_delay&quot;:500}\" data-widget_type=\"bdt-advanced-icon-box.default\">\n\t\t\t\t<div class=\"elementor-widget-container\">\n\t\t\t\t\t\t\t<div class=\"bdt-ep-advanced-icon-box\">\n\n\t\t\t\t\t\t\t\n\t\t\t\t\t\t\t<div class=\"bdt-ep-advanced-icon-box-icon\">\n\t\t\t\t\t<span class=\"bdt-ep-advanced-icon-box-icon-wrap\">\n\n\n\t\t\t\t\t\t\n\t\t\t\t\t\t\t<i aria-hidden=\"true\" class=\"ti ti-user\"><\/i>\n\n\t\t\t\t\t\t\t\t\t\t\t<\/span>\n\t\t\t\t<\/div>\n\t\t\t\n\t\t\t\t\t\n\t\t\t<div class=\"bdt-ep-advanced-icon-box-content\">\n\n\t\t\t\t\t\t\t\t\t\n\t\t\t\t<h3 class=\"bdt-ep-advanced-icon-box-title\">\n\t\t\t\t<span >\n\t\t\t\t\tVisitas guiadas\t\t\t\t<\/span>\n\t\t\t<\/h3>\n\t\t\n\n\t\t\n\t\t\t\t\t\t\n\t\t\t\t\n\t\t\t\t\t\t\t\t\t<div class=\"bdt-ep-advanced-icon-box-description\">\n\t\t\t\t\t\t<p>Se realizan visitas guiadas al Centro de Interpretaci\u00f3n y al Castillo para grupos de un m\u00ednimo de 10 personas, MEDIANTE CITA PREVIA, y limitadas a la disponibilidad de gu\u00edas.<\/p>\t\t\t\t\t<\/div>\n\t\t\t\t\n\t\t\t\t\t\t\t<\/div>\n\t\t<\/div>\n\n\t\t\n\t\t\n\t\t\t\t\t\t<\/div>\n\t\t\t\t<\/div>\n\t\t\t\t\t<\/div>\n\t\t<\/div>\n\t\t\t\t\t<\/div>\n\t\t<\/section>\n\t\t\t\t<section class=\"elementor-section elementor-inner-section elementor-element elementor-element-d1e2fdb elementor-section-boxed elementor-section-height-default elementor-section-height-default\" data-id=\"d1e2fdb\" data-element_type=\"section\" data-e-type=\"section\">\n\t\t\t\t\t\t<div class=\"elementor-container elementor-column-gap-default\">\n\t\t\t\t\t<div class=\"elementor-column elementor-col-50 elementor-inner-column elementor-element elementor-element-028e644\" data-id=\"028e644\" data-element_type=\"column\" data-e-type=\"column\">\n\t\t\t<div class=\"elementor-widget-wrap\">\n\t\t\t\t\t\t\t<\/div>\n\t\t<\/div>\n\t\t\t\t<div class=\"elementor-column elementor-col-50 elementor-inner-column elementor-element elementor-element-a280d6b\" data-id=\"a280d6b\" data-element_type=\"column\" data-e-type=\"column\">\n\t\t\t<div class=\"elementor-widget-wrap\">\n\t\t\t\t\t\t\t<\/div>\n\t\t<\/div>\n\t\t\t\t\t<\/div>\n\t\t<\/section>\n\t\t\t\t\t<\/div>\n\t\t<\/div>\n\t\t\t\t\t<\/div>\n\t\t<\/div>\n\t\t\t\t<div class=\"elementor-section elementor-top-section elementor-element elementor-element-01bf3df elementor-section-boxed elementor-section-height-default elementor-section-height-default\" data-id=\"01bf3df\" data-element_type=\"section\" data-e-type=\"section\" data-settings=\"{&quot;background_background&quot;:&quot;classic&quot;}\">\n\t\t\t\t\t\t<div class=\"elementor-container elementor-column-gap-no\">\n\t\t\t\t\t<div class=\"elementor-column elementor-col-100 elementor-top-column elementor-element elementor-element-95b3a11\" data-id=\"95b3a11\" data-element_type=\"column\" data-e-type=\"column\">\n\t\t\t<div class=\"elementor-widget-wrap elementor-element-populated\">\n\t\t\t\t\t\t<div class=\"elementor-element elementor-element-57a575d elementor-widget elementor-widget-heading\" data-id=\"57a575d\" data-element_type=\"widget\" data-e-type=\"widget\" data-widget_type=\"heading.default\">\n\t\t\t\t<div class=\"elementor-widget-container\">\n\t\t\t\t\t<h6 class=\"elementor-heading-title elementor-size-default\">Galer\u00eda de video e im\u00e1genes<\/h6>\t\t\t\t<\/div>\n\t\t\t\t<\/div>\n\t\t\t\t<div class=\"elementor-element elementor-element-c24b686 elementor-widget elementor-widget-video\" data-id=\"c24b686\" data-element_type=\"widget\" data-e-type=\"widget\" data-settings=\"{&quot;youtube_url&quot;:&quot;https:\\\/\\\/www.youtube.com\\\/watch?v=6iN0m4JxKK0&quot;,&quot;mute&quot;:&quot;yes&quot;,&quot;video_type&quot;:&quot;youtube&quot;}\" data-widget_type=\"video.default\">\n\t\t\t\t<div class=\"elementor-widget-container\">\n\t\t\t\t\t\t\t<div class=\"elementor-wrapper elementor-open-inline\">\n\t\t\t<div class=\"elementor-video\"><\/div>\t\t<\/div>\n\t\t\t\t\t\t<\/div>\n\t\t\t\t<\/div>\n\t\t\t\t<div class=\"elementor-element elementor-element-d255468 bdt-navigation-type-arrows elementor-widget elementor-widget-bdt-advanced-image-gallery\" data-id=\"d255468\" data-element_type=\"widget\" data-e-type=\"widget\" data-widget_type=\"bdt-advanced-image-gallery.bdt-carousel\">\n\t\t\t\t<div class=\"elementor-widget-container\">\n\t\t\t\t\t\t\t<div class=\"bdt-arrows-align-center\" data-bdt-slider=\"{&quot;autoplay&quot;:true,&quot;autoplay-interval&quot;:7000,&quot;finite&quot;:false,&quot;pause-on-hover&quot;:true,&quot;center&quot;:false,&quot;sets&quot;:false}\">\r\n\t\t\t<div id=\"bdt-avdg-d255468\" class=\"bdt-ep-advanced-image-gallery bdt-ep-advanced-image-gallery-skin-carousel bdt-grid bdt-grid-small bdt-slider-items bdt-child-width-1-1 bdt-child-width-1-3@s bdt-child-width-1-3@m\" data-bdt-grid=\"\" data-bdt-lightbox=\"animation: slide\" data-settings=\"{&quot;id&quot;:&quot;#bdt-avdg-d255468&quot;,&quot;tiltShow&quot;:false}\">\r\n\t\t\t\t\t\t\r\n\t\t\t<div class=\"bdt-ep-advanced-image-gallery-item bdt-transition-toggle\">\r\n\t\t\t\t<div class=\"bdt-ep-advanced-image-gallery-inner bdt-image-mask\">\r\n\t\t\t\t\t<div class=\"bdt-ep-advanced-image-gallery-thumbnail bdt-transition-toggle\"><img fetchpriority=\"high\" decoding=\"async\" width=\"2560\" height=\"1707\" src=\"https:\/\/roteirosarqueologicosdoalentejo.uevora.pt\/wp-content\/uploads\/2023\/06\/01-vista-aerea-scaled.jpg\" class=\"jgalleryImage\" alt=\"\" srcset=\"https:\/\/roteirosarqueologicosdoalentejo.uevora.pt\/wp-content\/uploads\/2023\/06\/01-vista-aerea-scaled.jpg 2560w, https:\/\/roteirosarqueologicosdoalentejo.uevora.pt\/wp-content\/uploads\/2023\/06\/01-vista-aerea-300x200.jpg 300w, https:\/\/roteirosarqueologicosdoalentejo.uevora.pt\/wp-content\/uploads\/2023\/06\/01-vista-aerea-1024x683.jpg 1024w, https:\/\/roteirosarqueologicosdoalentejo.uevora.pt\/wp-content\/uploads\/2023\/06\/01-vista-aerea-768x512.jpg 768w, https:\/\/roteirosarqueologicosdoalentejo.uevora.pt\/wp-content\/uploads\/2023\/06\/01-vista-aerea-1536x1024.jpg 1536w, https:\/\/roteirosarqueologicosdoalentejo.uevora.pt\/wp-content\/uploads\/2023\/06\/01-vista-aerea-2048x1365.jpg 2048w, https:\/\/roteirosarqueologicosdoalentejo.uevora.pt\/wp-content\/uploads\/2023\/06\/01-vista-aerea-650x433.jpg 650w\" sizes=\"(max-width: 2560px) 100vw, 2560px\" \/><\/div>\t\t<div class=\"bdt-position-cover bdt-overlay bdt-overlay-default bdt-transition-fade\">\n\t\t\t<div class=\"bdt-ep-advanced-image-gallery-content\">\n\t\t\t\t<div class=\"bdt-ep-advanced-image-gallery-content-inner\">\n\n\t\t\t\t\t\t\t\t\t\t\t\t\t\t\t\t<div class=\"bdt-flex-inline bdt-ep-advanced-image-gallery-item-link-wrapper\">\n\t\t\t\t\t\t\t<a class=\"bdt-ep-advanced-image-gallery-item-link elementor-clickable icon-type-icon\" data-elementor-open-lightbox=\"no\" data-caption=\"\" href=\"https:\/\/roteirosarqueologicosdoalentejo.uevora.pt\/wp-content\/uploads\/2023\/06\/01-vista-aerea-scaled.jpg\">\n\t\t\t\t\t\t\t\t\n\t\t\t\t\t\t\t\t\t\t\t\t\t\t\t\t\t\t\t<span>\n\t\t\t\t\t\t\t\t\t\t\t<i class=\"ep-icon-plus-2\"><\/i>\n\t\t\t\t\t\t\t\t\t\t<\/span>\n\t\t\t\t\t\t\t\t\t\n\t\t\t\t\t\t\t\t\t\t\t\t\t\t\t<\/a>\n\t\t\t\t\t\t<\/div>\n\t\t\t\t\t\n\t\t\t\t\t\t\t\t\t<\/div>\n\t\t\t<\/div>\n\t\t<\/div>\n\t\t\t\t<\/div>\r\n\r\n\t\t\t\t\t\t\t<\/div>\r\n\r\n\t\t\t\t\t\t\r\n\t\t\t<div class=\"bdt-ep-advanced-image-gallery-item bdt-transition-toggle\">\r\n\t\t\t\t<div class=\"bdt-ep-advanced-image-gallery-inner bdt-image-mask\">\r\n\t\t\t\t\t<div class=\"bdt-ep-advanced-image-gallery-thumbnail bdt-transition-toggle\"><img decoding=\"async\" width=\"2560\" height=\"1707\" src=\"https:\/\/roteirosarqueologicosdoalentejo.uevora.pt\/wp-content\/uploads\/2023\/06\/02-vista-norte-scaled.jpg\" class=\"jgalleryImage\" alt=\"\" srcset=\"https:\/\/roteirosarqueologicosdoalentejo.uevora.pt\/wp-content\/uploads\/2023\/06\/02-vista-norte-scaled.jpg 2560w, https:\/\/roteirosarqueologicosdoalentejo.uevora.pt\/wp-content\/uploads\/2023\/06\/02-vista-norte-300x200.jpg 300w, https:\/\/roteirosarqueologicosdoalentejo.uevora.pt\/wp-content\/uploads\/2023\/06\/02-vista-norte-1024x683.jpg 1024w, https:\/\/roteirosarqueologicosdoalentejo.uevora.pt\/wp-content\/uploads\/2023\/06\/02-vista-norte-768x512.jpg 768w, https:\/\/roteirosarqueologicosdoalentejo.uevora.pt\/wp-content\/uploads\/2023\/06\/02-vista-norte-1536x1024.jpg 1536w, https:\/\/roteirosarqueologicosdoalentejo.uevora.pt\/wp-content\/uploads\/2023\/06\/02-vista-norte-2048x1365.jpg 2048w, https:\/\/roteirosarqueologicosdoalentejo.uevora.pt\/wp-content\/uploads\/2023\/06\/02-vista-norte-650x433.jpg 650w\" sizes=\"(max-width: 2560px) 100vw, 2560px\" \/><\/div>\t\t<div class=\"bdt-position-cover bdt-overlay bdt-overlay-default bdt-transition-fade\">\n\t\t\t<div class=\"bdt-ep-advanced-image-gallery-content\">\n\t\t\t\t<div class=\"bdt-ep-advanced-image-gallery-content-inner\">\n\n\t\t\t\t\t\t\t\t\t\t\t\t\t\t\t\t<div class=\"bdt-flex-inline bdt-ep-advanced-image-gallery-item-link-wrapper\">\n\t\t\t\t\t\t\t<a class=\"bdt-ep-advanced-image-gallery-item-link elementor-clickable icon-type-icon\" data-elementor-open-lightbox=\"no\" data-caption=\"\" href=\"https:\/\/roteirosarqueologicosdoalentejo.uevora.pt\/wp-content\/uploads\/2023\/06\/02-vista-norte-scaled.jpg\">\n\t\t\t\t\t\t\t\t\n\t\t\t\t\t\t\t\t\t\t\t\t\t\t\t\t\t\t\t<span>\n\t\t\t\t\t\t\t\t\t\t\t<i class=\"ep-icon-plus-2\"><\/i>\n\t\t\t\t\t\t\t\t\t\t<\/span>\n\t\t\t\t\t\t\t\t\t\n\t\t\t\t\t\t\t\t\t\t\t\t\t\t\t<\/a>\n\t\t\t\t\t\t<\/div>\n\t\t\t\t\t\n\t\t\t\t\t\t\t\t\t<\/div>\n\t\t\t<\/div>\n\t\t<\/div>\n\t\t\t\t<\/div>\r\n\r\n\t\t\t\t\t\t\t<\/div>\r\n\r\n\t\t\t\t\t\t\r\n\t\t\t<div class=\"bdt-ep-advanced-image-gallery-item bdt-transition-toggle\">\r\n\t\t\t\t<div class=\"bdt-ep-advanced-image-gallery-inner bdt-image-mask\">\r\n\t\t\t\t\t<div class=\"bdt-ep-advanced-image-gallery-thumbnail bdt-transition-toggle\"><img decoding=\"async\" width=\"2560\" height=\"1440\" src=\"https:\/\/roteirosarqueologicosdoalentejo.uevora.pt\/wp-content\/uploads\/2023\/06\/03-porta-da-vila-scaled.jpg\" class=\"jgalleryImage\" alt=\"Porta da Vila\" srcset=\"https:\/\/roteirosarqueologicosdoalentejo.uevora.pt\/wp-content\/uploads\/2023\/06\/03-porta-da-vila-scaled.jpg 2560w, https:\/\/roteirosarqueologicosdoalentejo.uevora.pt\/wp-content\/uploads\/2023\/06\/03-porta-da-vila-300x169.jpg 300w, https:\/\/roteirosarqueologicosdoalentejo.uevora.pt\/wp-content\/uploads\/2023\/06\/03-porta-da-vila-1024x576.jpg 1024w, https:\/\/roteirosarqueologicosdoalentejo.uevora.pt\/wp-content\/uploads\/2023\/06\/03-porta-da-vila-768x432.jpg 768w, https:\/\/roteirosarqueologicosdoalentejo.uevora.pt\/wp-content\/uploads\/2023\/06\/03-porta-da-vila-1536x864.jpg 1536w, https:\/\/roteirosarqueologicosdoalentejo.uevora.pt\/wp-content\/uploads\/2023\/06\/03-porta-da-vila-2048x1152.jpg 2048w, https:\/\/roteirosarqueologicosdoalentejo.uevora.pt\/wp-content\/uploads\/2023\/06\/03-porta-da-vila-650x366.jpg 650w\" sizes=\"(max-width: 2560px) 100vw, 2560px\" \/><\/div>\t\t<div class=\"bdt-position-cover bdt-overlay bdt-overlay-default bdt-transition-fade\">\n\t\t\t<div class=\"bdt-ep-advanced-image-gallery-content\">\n\t\t\t\t<div class=\"bdt-ep-advanced-image-gallery-content-inner\">\n\n\t\t\t\t\t\t\t\t\t\t\t\t\t\t\t\t<div class=\"bdt-flex-inline bdt-ep-advanced-image-gallery-item-link-wrapper\">\n\t\t\t\t\t\t\t<a class=\"bdt-ep-advanced-image-gallery-item-link elementor-clickable icon-type-icon\" data-elementor-open-lightbox=\"no\" data-caption=\"Porta da Vila\" href=\"https:\/\/roteirosarqueologicosdoalentejo.uevora.pt\/wp-content\/uploads\/2023\/06\/03-porta-da-vila-scaled.jpg\">\n\t\t\t\t\t\t\t\t\n\t\t\t\t\t\t\t\t\t\t\t\t\t\t\t\t\t\t\t<span>\n\t\t\t\t\t\t\t\t\t\t\t<i class=\"ep-icon-plus-2\"><\/i>\n\t\t\t\t\t\t\t\t\t\t<\/span>\n\t\t\t\t\t\t\t\t\t\n\t\t\t\t\t\t\t\t\t\t\t\t\t\t\t<\/a>\n\t\t\t\t\t\t<\/div>\n\t\t\t\t\t\n\t\t\t\t\t\t\t\t\t<\/div>\n\t\t\t<\/div>\n\t\t<\/div>\n\t\t\t\t<\/div>\r\n\r\n\t\t\t\t\t\t\t<\/div>\r\n\r\n\t\t\t\t\t\t\r\n\t\t\t<div class=\"bdt-ep-advanced-image-gallery-item bdt-transition-toggle\">\r\n\t\t\t\t<div class=\"bdt-ep-advanced-image-gallery-inner bdt-image-mask\">\r\n\t\t\t\t\t<div class=\"bdt-ep-advanced-image-gallery-thumbnail bdt-transition-toggle\"><img loading=\"lazy\" decoding=\"async\" width=\"2560\" height=\"1707\" src=\"https:\/\/roteirosarqueologicosdoalentejo.uevora.pt\/wp-content\/uploads\/2023\/06\/04-torre-do-relogio-scaled.jpg\" class=\"jgalleryImage\" alt=\"\" srcset=\"https:\/\/roteirosarqueologicosdoalentejo.uevora.pt\/wp-content\/uploads\/2023\/06\/04-torre-do-relogio-scaled.jpg 2560w, https:\/\/roteirosarqueologicosdoalentejo.uevora.pt\/wp-content\/uploads\/2023\/06\/04-torre-do-relogio-300x200.jpg 300w, https:\/\/roteirosarqueologicosdoalentejo.uevora.pt\/wp-content\/uploads\/2023\/06\/04-torre-do-relogio-1024x683.jpg 1024w, https:\/\/roteirosarqueologicosdoalentejo.uevora.pt\/wp-content\/uploads\/2023\/06\/04-torre-do-relogio-768x512.jpg 768w, https:\/\/roteirosarqueologicosdoalentejo.uevora.pt\/wp-content\/uploads\/2023\/06\/04-torre-do-relogio-1536x1024.jpg 1536w, https:\/\/roteirosarqueologicosdoalentejo.uevora.pt\/wp-content\/uploads\/2023\/06\/04-torre-do-relogio-2048x1365.jpg 2048w, https:\/\/roteirosarqueologicosdoalentejo.uevora.pt\/wp-content\/uploads\/2023\/06\/04-torre-do-relogio-650x433.jpg 650w\" sizes=\"(max-width: 2560px) 100vw, 2560px\" \/><\/div>\t\t<div class=\"bdt-position-cover bdt-overlay bdt-overlay-default bdt-transition-fade\">\n\t\t\t<div class=\"bdt-ep-advanced-image-gallery-content\">\n\t\t\t\t<div class=\"bdt-ep-advanced-image-gallery-content-inner\">\n\n\t\t\t\t\t\t\t\t\t\t\t\t\t\t\t\t<div class=\"bdt-flex-inline bdt-ep-advanced-image-gallery-item-link-wrapper\">\n\t\t\t\t\t\t\t<a class=\"bdt-ep-advanced-image-gallery-item-link elementor-clickable icon-type-icon\" data-elementor-open-lightbox=\"no\" data-caption=\"\" href=\"https:\/\/roteirosarqueologicosdoalentejo.uevora.pt\/wp-content\/uploads\/2023\/06\/04-torre-do-relogio-scaled.jpg\">\n\t\t\t\t\t\t\t\t\n\t\t\t\t\t\t\t\t\t\t\t\t\t\t\t\t\t\t\t<span>\n\t\t\t\t\t\t\t\t\t\t\t<i class=\"ep-icon-plus-2\"><\/i>\n\t\t\t\t\t\t\t\t\t\t<\/span>\n\t\t\t\t\t\t\t\t\t\n\t\t\t\t\t\t\t\t\t\t\t\t\t\t\t<\/a>\n\t\t\t\t\t\t<\/div>\n\t\t\t\t\t\n\t\t\t\t\t\t\t\t\t<\/div>\n\t\t\t<\/div>\n\t\t<\/div>\n\t\t\t\t<\/div>\r\n\r\n\t\t\t\t\t\t\t<\/div>\r\n\r\n\t\t\t\t\t\t\r\n\t\t\t<div class=\"bdt-ep-advanced-image-gallery-item bdt-transition-toggle\">\r\n\t\t\t\t<div class=\"bdt-ep-advanced-image-gallery-inner bdt-image-mask\">\r\n\t\t\t\t\t<div class=\"bdt-ep-advanced-image-gallery-thumbnail bdt-transition-toggle\"><img loading=\"lazy\" decoding=\"async\" width=\"2048\" height=\"1536\" src=\"https:\/\/roteirosarqueologicosdoalentejo.uevora.pt\/wp-content\/uploads\/2023\/06\/05-conv-saudacao.jpg\" class=\"jgalleryImage\" alt=\"Conv saudac\u0327a\u0303o\" srcset=\"https:\/\/roteirosarqueologicosdoalentejo.uevora.pt\/wp-content\/uploads\/2023\/06\/05-conv-saudacao.jpg 2048w, https:\/\/roteirosarqueologicosdoalentejo.uevora.pt\/wp-content\/uploads\/2023\/06\/05-conv-saudacao-300x225.jpg 300w, https:\/\/roteirosarqueologicosdoalentejo.uevora.pt\/wp-content\/uploads\/2023\/06\/05-conv-saudacao-1024x768.jpg 1024w, https:\/\/roteirosarqueologicosdoalentejo.uevora.pt\/wp-content\/uploads\/2023\/06\/05-conv-saudacao-768x576.jpg 768w, https:\/\/roteirosarqueologicosdoalentejo.uevora.pt\/wp-content\/uploads\/2023\/06\/05-conv-saudacao-1536x1152.jpg 1536w, https:\/\/roteirosarqueologicosdoalentejo.uevora.pt\/wp-content\/uploads\/2023\/06\/05-conv-saudacao-650x488.jpg 650w\" sizes=\"(max-width: 2048px) 100vw, 2048px\" \/><\/div>\t\t<div class=\"bdt-position-cover bdt-overlay bdt-overlay-default bdt-transition-fade\">\n\t\t\t<div class=\"bdt-ep-advanced-image-gallery-content\">\n\t\t\t\t<div class=\"bdt-ep-advanced-image-gallery-content-inner\">\n\n\t\t\t\t\t\t\t\t\t\t\t\t\t\t\t\t<div class=\"bdt-flex-inline bdt-ep-advanced-image-gallery-item-link-wrapper\">\n\t\t\t\t\t\t\t<a class=\"bdt-ep-advanced-image-gallery-item-link elementor-clickable icon-type-icon\" data-elementor-open-lightbox=\"no\" data-caption=\"Conv saudac\u0327a\u0303o\" href=\"https:\/\/roteirosarqueologicosdoalentejo.uevora.pt\/wp-content\/uploads\/2023\/06\/05-conv-saudacao.jpg\">\n\t\t\t\t\t\t\t\t\n\t\t\t\t\t\t\t\t\t\t\t\t\t\t\t\t\t\t\t<span>\n\t\t\t\t\t\t\t\t\t\t\t<i class=\"ep-icon-plus-2\"><\/i>\n\t\t\t\t\t\t\t\t\t\t<\/span>\n\t\t\t\t\t\t\t\t\t\n\t\t\t\t\t\t\t\t\t\t\t\t\t\t\t<\/a>\n\t\t\t\t\t\t<\/div>\n\t\t\t\t\t\n\t\t\t\t\t\t\t\t\t<\/div>\n\t\t\t<\/div>\n\t\t<\/div>\n\t\t\t\t<\/div>\r\n\r\n\t\t\t\t\t\t\t<\/div>\r\n\r\n\t\t\t\t\t\t\r\n\t\t\t<div class=\"bdt-ep-advanced-image-gallery-item bdt-transition-toggle\">\r\n\t\t\t\t<div class=\"bdt-ep-advanced-image-gallery-inner bdt-image-mask\">\r\n\t\t\t\t\t<div class=\"bdt-ep-advanced-image-gallery-thumbnail bdt-transition-toggle\"><img loading=\"lazy\" decoding=\"async\" width=\"2048\" height=\"1536\" src=\"https:\/\/roteirosarqueologicosdoalentejo.uevora.pt\/wp-content\/uploads\/2023\/06\/06-conv-saudacao.jpg\" class=\"jgalleryImage\" alt=\"Conv saudac\u0327a\u0303o\" srcset=\"https:\/\/roteirosarqueologicosdoalentejo.uevora.pt\/wp-content\/uploads\/2023\/06\/06-conv-saudacao.jpg 2048w, https:\/\/roteirosarqueologicosdoalentejo.uevora.pt\/wp-content\/uploads\/2023\/06\/06-conv-saudacao-300x225.jpg 300w, https:\/\/roteirosarqueologicosdoalentejo.uevora.pt\/wp-content\/uploads\/2023\/06\/06-conv-saudacao-1024x768.jpg 1024w, https:\/\/roteirosarqueologicosdoalentejo.uevora.pt\/wp-content\/uploads\/2023\/06\/06-conv-saudacao-768x576.jpg 768w, https:\/\/roteirosarqueologicosdoalentejo.uevora.pt\/wp-content\/uploads\/2023\/06\/06-conv-saudacao-1536x1152.jpg 1536w, https:\/\/roteirosarqueologicosdoalentejo.uevora.pt\/wp-content\/uploads\/2023\/06\/06-conv-saudacao-650x488.jpg 650w\" sizes=\"(max-width: 2048px) 100vw, 2048px\" \/><\/div>\t\t<div class=\"bdt-position-cover bdt-overlay bdt-overlay-default bdt-transition-fade\">\n\t\t\t<div class=\"bdt-ep-advanced-image-gallery-content\">\n\t\t\t\t<div class=\"bdt-ep-advanced-image-gallery-content-inner\">\n\n\t\t\t\t\t\t\t\t\t\t\t\t\t\t\t\t<div class=\"bdt-flex-inline bdt-ep-advanced-image-gallery-item-link-wrapper\">\n\t\t\t\t\t\t\t<a class=\"bdt-ep-advanced-image-gallery-item-link elementor-clickable icon-type-icon\" data-elementor-open-lightbox=\"no\" data-caption=\"Conv saudac\u0327a\u0303o\" href=\"https:\/\/roteirosarqueologicosdoalentejo.uevora.pt\/wp-content\/uploads\/2023\/06\/06-conv-saudacao.jpg\">\n\t\t\t\t\t\t\t\t\n\t\t\t\t\t\t\t\t\t\t\t\t\t\t\t\t\t\t\t<span>\n\t\t\t\t\t\t\t\t\t\t\t<i class=\"ep-icon-plus-2\"><\/i>\n\t\t\t\t\t\t\t\t\t\t<\/span>\n\t\t\t\t\t\t\t\t\t\n\t\t\t\t\t\t\t\t\t\t\t\t\t\t\t<\/a>\n\t\t\t\t\t\t<\/div>\n\t\t\t\t\t\n\t\t\t\t\t\t\t\t\t<\/div>\n\t\t\t<\/div>\n\t\t<\/div>\n\t\t\t\t<\/div>\r\n\r\n\t\t\t\t\t\t\t<\/div>\r\n\r\n\t\t\t\t\t\t\r\n\t\t\t<div class=\"bdt-ep-advanced-image-gallery-item bdt-transition-toggle\">\r\n\t\t\t\t<div class=\"bdt-ep-advanced-image-gallery-inner bdt-image-mask\">\r\n\t\t\t\t\t<div class=\"bdt-ep-advanced-image-gallery-thumbnail bdt-transition-toggle\"><img loading=\"lazy\" decoding=\"async\" width=\"960\" height=\"1280\" src=\"https:\/\/roteirosarqueologicosdoalentejo.uevora.pt\/wp-content\/uploads\/2023\/06\/07-conv-saudacao.jpg\" class=\"jgalleryImage\" alt=\"\" srcset=\"https:\/\/roteirosarqueologicosdoalentejo.uevora.pt\/wp-content\/uploads\/2023\/06\/07-conv-saudacao.jpg 960w, https:\/\/roteirosarqueologicosdoalentejo.uevora.pt\/wp-content\/uploads\/2023\/06\/07-conv-saudacao-225x300.jpg 225w, https:\/\/roteirosarqueologicosdoalentejo.uevora.pt\/wp-content\/uploads\/2023\/06\/07-conv-saudacao-768x1024.jpg 768w, https:\/\/roteirosarqueologicosdoalentejo.uevora.pt\/wp-content\/uploads\/2023\/06\/07-conv-saudacao-488x650.jpg 488w\" sizes=\"(max-width: 960px) 100vw, 960px\" \/><\/div>\t\t<div class=\"bdt-position-cover bdt-overlay bdt-overlay-default bdt-transition-fade\">\n\t\t\t<div class=\"bdt-ep-advanced-image-gallery-content\">\n\t\t\t\t<div class=\"bdt-ep-advanced-image-gallery-content-inner\">\n\n\t\t\t\t\t\t\t\t\t\t\t\t\t\t\t\t<div class=\"bdt-flex-inline bdt-ep-advanced-image-gallery-item-link-wrapper\">\n\t\t\t\t\t\t\t<a class=\"bdt-ep-advanced-image-gallery-item-link elementor-clickable icon-type-icon\" data-elementor-open-lightbox=\"no\" data-caption=\"\" href=\"https:\/\/roteirosarqueologicosdoalentejo.uevora.pt\/wp-content\/uploads\/2023\/06\/07-conv-saudacao.jpg\">\n\t\t\t\t\t\t\t\t\n\t\t\t\t\t\t\t\t\t\t\t\t\t\t\t\t\t\t\t<span>\n\t\t\t\t\t\t\t\t\t\t\t<i class=\"ep-icon-plus-2\"><\/i>\n\t\t\t\t\t\t\t\t\t\t<\/span>\n\t\t\t\t\t\t\t\t\t\n\t\t\t\t\t\t\t\t\t\t\t\t\t\t\t<\/a>\n\t\t\t\t\t\t<\/div>\n\t\t\t\t\t\n\t\t\t\t\t\t\t\t\t<\/div>\n\t\t\t<\/div>\n\t\t<\/div>\n\t\t\t\t<\/div>\r\n\r\n\t\t\t\t\t\t\t<\/div>\r\n\r\n\t\t\t\t\t\t\r\n\t\t\t<div class=\"bdt-ep-advanced-image-gallery-item bdt-transition-toggle\">\r\n\t\t\t\t<div class=\"bdt-ep-advanced-image-gallery-inner bdt-image-mask\">\r\n\t\t\t\t\t<div class=\"bdt-ep-advanced-image-gallery-thumbnail bdt-transition-toggle\"><img loading=\"lazy\" decoding=\"async\" width=\"1600\" height=\"1200\" src=\"https:\/\/roteirosarqueologicosdoalentejo.uevora.pt\/wp-content\/uploads\/2023\/06\/08-coro-baixo-saudacao.jpg\" class=\"jgalleryImage\" alt=\"\" srcset=\"https:\/\/roteirosarqueologicosdoalentejo.uevora.pt\/wp-content\/uploads\/2023\/06\/08-coro-baixo-saudacao.jpg 1600w, https:\/\/roteirosarqueologicosdoalentejo.uevora.pt\/wp-content\/uploads\/2023\/06\/08-coro-baixo-saudacao-300x225.jpg 300w, https:\/\/roteirosarqueologicosdoalentejo.uevora.pt\/wp-content\/uploads\/2023\/06\/08-coro-baixo-saudacao-1024x768.jpg 1024w, https:\/\/roteirosarqueologicosdoalentejo.uevora.pt\/wp-content\/uploads\/2023\/06\/08-coro-baixo-saudacao-768x576.jpg 768w, https:\/\/roteirosarqueologicosdoalentejo.uevora.pt\/wp-content\/uploads\/2023\/06\/08-coro-baixo-saudacao-1536x1152.jpg 1536w, https:\/\/roteirosarqueologicosdoalentejo.uevora.pt\/wp-content\/uploads\/2023\/06\/08-coro-baixo-saudacao-650x488.jpg 650w\" sizes=\"(max-width: 1600px) 100vw, 1600px\" \/><\/div>\t\t<div class=\"bdt-position-cover bdt-overlay bdt-overlay-default bdt-transition-fade\">\n\t\t\t<div class=\"bdt-ep-advanced-image-gallery-content\">\n\t\t\t\t<div class=\"bdt-ep-advanced-image-gallery-content-inner\">\n\n\t\t\t\t\t\t\t\t\t\t\t\t\t\t\t\t<div class=\"bdt-flex-inline bdt-ep-advanced-image-gallery-item-link-wrapper\">\n\t\t\t\t\t\t\t<a class=\"bdt-ep-advanced-image-gallery-item-link elementor-clickable icon-type-icon\" data-elementor-open-lightbox=\"no\" data-caption=\"\" href=\"https:\/\/roteirosarqueologicosdoalentejo.uevora.pt\/wp-content\/uploads\/2023\/06\/08-coro-baixo-saudacao.jpg\">\n\t\t\t\t\t\t\t\t\n\t\t\t\t\t\t\t\t\t\t\t\t\t\t\t\t\t\t\t<span>\n\t\t\t\t\t\t\t\t\t\t\t<i class=\"ep-icon-plus-2\"><\/i>\n\t\t\t\t\t\t\t\t\t\t<\/span>\n\t\t\t\t\t\t\t\t\t\n\t\t\t\t\t\t\t\t\t\t\t\t\t\t\t<\/a>\n\t\t\t\t\t\t<\/div>\n\t\t\t\t\t\n\t\t\t\t\t\t\t\t\t<\/div>\n\t\t\t<\/div>\n\t\t<\/div>\n\t\t\t\t<\/div>\r\n\r\n\t\t\t\t\t\t\t<\/div>\r\n\r\n\t\t\t\t\t\t\r\n\t\t\t<div class=\"bdt-ep-advanced-image-gallery-item bdt-transition-toggle\">\r\n\t\t\t\t<div class=\"bdt-ep-advanced-image-gallery-inner bdt-image-mask\">\r\n\t\t\t\t\t<div class=\"bdt-ep-advanced-image-gallery-thumbnail bdt-transition-toggle\"><img loading=\"lazy\" decoding=\"async\" width=\"2560\" height=\"1707\" src=\"https:\/\/roteirosarqueologicosdoalentejo.uevora.pt\/wp-content\/uploads\/2023\/06\/10-paco-alcaides-scaled.jpg\" class=\"jgalleryImage\" alt=\"\" srcset=\"https:\/\/roteirosarqueologicosdoalentejo.uevora.pt\/wp-content\/uploads\/2023\/06\/10-paco-alcaides-scaled.jpg 2560w, https:\/\/roteirosarqueologicosdoalentejo.uevora.pt\/wp-content\/uploads\/2023\/06\/10-paco-alcaides-300x200.jpg 300w, https:\/\/roteirosarqueologicosdoalentejo.uevora.pt\/wp-content\/uploads\/2023\/06\/10-paco-alcaides-1024x683.jpg 1024w, https:\/\/roteirosarqueologicosdoalentejo.uevora.pt\/wp-content\/uploads\/2023\/06\/10-paco-alcaides-768x512.jpg 768w, https:\/\/roteirosarqueologicosdoalentejo.uevora.pt\/wp-content\/uploads\/2023\/06\/10-paco-alcaides-1536x1024.jpg 1536w, https:\/\/roteirosarqueologicosdoalentejo.uevora.pt\/wp-content\/uploads\/2023\/06\/10-paco-alcaides-2048x1365.jpg 2048w, https:\/\/roteirosarqueologicosdoalentejo.uevora.pt\/wp-content\/uploads\/2023\/06\/10-paco-alcaides-650x433.jpg 650w\" sizes=\"(max-width: 2560px) 100vw, 2560px\" \/><\/div>\t\t<div class=\"bdt-position-cover bdt-overlay bdt-overlay-default bdt-transition-fade\">\n\t\t\t<div class=\"bdt-ep-advanced-image-gallery-content\">\n\t\t\t\t<div class=\"bdt-ep-advanced-image-gallery-content-inner\">\n\n\t\t\t\t\t\t\t\t\t\t\t\t\t\t\t\t<div class=\"bdt-flex-inline bdt-ep-advanced-image-gallery-item-link-wrapper\">\n\t\t\t\t\t\t\t<a class=\"bdt-ep-advanced-image-gallery-item-link elementor-clickable icon-type-icon\" data-elementor-open-lightbox=\"no\" data-caption=\"\" href=\"https:\/\/roteirosarqueologicosdoalentejo.uevora.pt\/wp-content\/uploads\/2023\/06\/10-paco-alcaides-scaled.jpg\">\n\t\t\t\t\t\t\t\t\n\t\t\t\t\t\t\t\t\t\t\t\t\t\t\t\t\t\t\t<span>\n\t\t\t\t\t\t\t\t\t\t\t<i class=\"ep-icon-plus-2\"><\/i>\n\t\t\t\t\t\t\t\t\t\t<\/span>\n\t\t\t\t\t\t\t\t\t\n\t\t\t\t\t\t\t\t\t\t\t\t\t\t\t<\/a>\n\t\t\t\t\t\t<\/div>\n\t\t\t\t\t\n\t\t\t\t\t\t\t\t\t<\/div>\n\t\t\t<\/div>\n\t\t<\/div>\n\t\t\t\t<\/div>\r\n\r\n\t\t\t\t\t\t\t<\/div>\r\n\r\n\t\t\t\t\t\t\r\n\t\t\t<div class=\"bdt-ep-advanced-image-gallery-item bdt-transition-toggle\">\r\n\t\t\t\t<div class=\"bdt-ep-advanced-image-gallery-inner bdt-image-mask\">\r\n\t\t\t\t\t<div class=\"bdt-ep-advanced-image-gallery-thumbnail bdt-transition-toggle\"><img loading=\"lazy\" decoding=\"async\" width=\"1280\" height=\"960\" src=\"https:\/\/roteirosarqueologicosdoalentejo.uevora.pt\/wp-content\/uploads\/2023\/06\/11-ruinas-camara.jpg\" class=\"jgalleryImage\" alt=\"\" srcset=\"https:\/\/roteirosarqueologicosdoalentejo.uevora.pt\/wp-content\/uploads\/2023\/06\/11-ruinas-camara.jpg 1280w, https:\/\/roteirosarqueologicosdoalentejo.uevora.pt\/wp-content\/uploads\/2023\/06\/11-ruinas-camara-300x225.jpg 300w, https:\/\/roteirosarqueologicosdoalentejo.uevora.pt\/wp-content\/uploads\/2023\/06\/11-ruinas-camara-1024x768.jpg 1024w, https:\/\/roteirosarqueologicosdoalentejo.uevora.pt\/wp-content\/uploads\/2023\/06\/11-ruinas-camara-768x576.jpg 768w, https:\/\/roteirosarqueologicosdoalentejo.uevora.pt\/wp-content\/uploads\/2023\/06\/11-ruinas-camara-650x488.jpg 650w\" sizes=\"(max-width: 1280px) 100vw, 1280px\" \/><\/div>\t\t<div class=\"bdt-position-cover bdt-overlay bdt-overlay-default bdt-transition-fade\">\n\t\t\t<div class=\"bdt-ep-advanced-image-gallery-content\">\n\t\t\t\t<div class=\"bdt-ep-advanced-image-gallery-content-inner\">\n\n\t\t\t\t\t\t\t\t\t\t\t\t\t\t\t\t<div class=\"bdt-flex-inline bdt-ep-advanced-image-gallery-item-link-wrapper\">\n\t\t\t\t\t\t\t<a class=\"bdt-ep-advanced-image-gallery-item-link elementor-clickable icon-type-icon\" data-elementor-open-lightbox=\"no\" data-caption=\"\" href=\"https:\/\/roteirosarqueologicosdoalentejo.uevora.pt\/wp-content\/uploads\/2023\/06\/11-ruinas-camara.jpg\">\n\t\t\t\t\t\t\t\t\n\t\t\t\t\t\t\t\t\t\t\t\t\t\t\t\t\t\t\t<span>\n\t\t\t\t\t\t\t\t\t\t\t<i class=\"ep-icon-plus-2\"><\/i>\n\t\t\t\t\t\t\t\t\t\t<\/span>\n\t\t\t\t\t\t\t\t\t\n\t\t\t\t\t\t\t\t\t\t\t\t\t\t\t<\/a>\n\t\t\t\t\t\t<\/div>\n\t\t\t\t\t\n\t\t\t\t\t\t\t\t\t<\/div>\n\t\t\t<\/div>\n\t\t<\/div>\n\t\t\t\t<\/div>\r\n\r\n\t\t\t\t\t\t\t<\/div>\r\n\r\n\t\t\t\t\t\t\r\n\t\t\t<div class=\"bdt-ep-advanced-image-gallery-item bdt-transition-toggle\">\r\n\t\t\t\t<div class=\"bdt-ep-advanced-image-gallery-inner bdt-image-mask\">\r\n\t\t\t\t\t<div class=\"bdt-ep-advanced-image-gallery-thumbnail bdt-transition-toggle\"><img loading=\"lazy\" decoding=\"async\" width=\"1600\" height=\"1200\" src=\"https:\/\/roteirosarqueologicosdoalentejo.uevora.pt\/wp-content\/uploads\/2023\/06\/12-porta-do-bispo.jpg\" class=\"jgalleryImage\" alt=\"\" srcset=\"https:\/\/roteirosarqueologicosdoalentejo.uevora.pt\/wp-content\/uploads\/2023\/06\/12-porta-do-bispo.jpg 1600w, https:\/\/roteirosarqueologicosdoalentejo.uevora.pt\/wp-content\/uploads\/2023\/06\/12-porta-do-bispo-300x225.jpg 300w, https:\/\/roteirosarqueologicosdoalentejo.uevora.pt\/wp-content\/uploads\/2023\/06\/12-porta-do-bispo-1024x768.jpg 1024w, https:\/\/roteirosarqueologicosdoalentejo.uevora.pt\/wp-content\/uploads\/2023\/06\/12-porta-do-bispo-768x576.jpg 768w, https:\/\/roteirosarqueologicosdoalentejo.uevora.pt\/wp-content\/uploads\/2023\/06\/12-porta-do-bispo-1536x1152.jpg 1536w, https:\/\/roteirosarqueologicosdoalentejo.uevora.pt\/wp-content\/uploads\/2023\/06\/12-porta-do-bispo-650x488.jpg 650w\" sizes=\"(max-width: 1600px) 100vw, 1600px\" \/><\/div>\t\t<div class=\"bdt-position-cover bdt-overlay bdt-overlay-default bdt-transition-fade\">\n\t\t\t<div class=\"bdt-ep-advanced-image-gallery-content\">\n\t\t\t\t<div class=\"bdt-ep-advanced-image-gallery-content-inner\">\n\n\t\t\t\t\t\t\t\t\t\t\t\t\t\t\t\t<div class=\"bdt-flex-inline bdt-ep-advanced-image-gallery-item-link-wrapper\">\n\t\t\t\t\t\t\t<a class=\"bdt-ep-advanced-image-gallery-item-link elementor-clickable icon-type-icon\" data-elementor-open-lightbox=\"no\" data-caption=\"\" href=\"https:\/\/roteirosarqueologicosdoalentejo.uevora.pt\/wp-content\/uploads\/2023\/06\/12-porta-do-bispo.jpg\">\n\t\t\t\t\t\t\t\t\n\t\t\t\t\t\t\t\t\t\t\t\t\t\t\t\t\t\t\t<span>\n\t\t\t\t\t\t\t\t\t\t\t<i class=\"ep-icon-plus-2\"><\/i>\n\t\t\t\t\t\t\t\t\t\t<\/span>\n\t\t\t\t\t\t\t\t\t\n\t\t\t\t\t\t\t\t\t\t\t\t\t\t\t<\/a>\n\t\t\t\t\t\t<\/div>\n\t\t\t\t\t\n\t\t\t\t\t\t\t\t\t<\/div>\n\t\t\t<\/div>\n\t\t<\/div>\n\t\t\t\t<\/div>\r\n\r\n\t\t\t\t\t\t\t<\/div>\r\n\r\n\t\t\t\t\t\t\r\n\t\t\t<div class=\"bdt-ep-advanced-image-gallery-item bdt-transition-toggle\">\r\n\t\t\t\t<div class=\"bdt-ep-advanced-image-gallery-inner bdt-image-mask\">\r\n\t\t\t\t\t<div class=\"bdt-ep-advanced-image-gallery-thumbnail bdt-transition-toggle\"><img loading=\"lazy\" decoding=\"async\" width=\"2288\" height=\"1280\" src=\"https:\/\/roteirosarqueologicosdoalentejo.uevora.pt\/wp-content\/uploads\/2023\/06\/13-sta-maria-do-bispo.jpg\" class=\"jgalleryImage\" alt=\"\" srcset=\"https:\/\/roteirosarqueologicosdoalentejo.uevora.pt\/wp-content\/uploads\/2023\/06\/13-sta-maria-do-bispo.jpg 2288w, https:\/\/roteirosarqueologicosdoalentejo.uevora.pt\/wp-content\/uploads\/2023\/06\/13-sta-maria-do-bispo-300x168.jpg 300w, https:\/\/roteirosarqueologicosdoalentejo.uevora.pt\/wp-content\/uploads\/2023\/06\/13-sta-maria-do-bispo-1024x573.jpg 1024w, https:\/\/roteirosarqueologicosdoalentejo.uevora.pt\/wp-content\/uploads\/2023\/06\/13-sta-maria-do-bispo-768x430.jpg 768w, https:\/\/roteirosarqueologicosdoalentejo.uevora.pt\/wp-content\/uploads\/2023\/06\/13-sta-maria-do-bispo-1536x859.jpg 1536w, https:\/\/roteirosarqueologicosdoalentejo.uevora.pt\/wp-content\/uploads\/2023\/06\/13-sta-maria-do-bispo-2048x1146.jpg 2048w, https:\/\/roteirosarqueologicosdoalentejo.uevora.pt\/wp-content\/uploads\/2023\/06\/13-sta-maria-do-bispo-650x364.jpg 650w\" sizes=\"(max-width: 2288px) 100vw, 2288px\" \/><\/div>\t\t<div class=\"bdt-position-cover bdt-overlay bdt-overlay-default bdt-transition-fade\">\n\t\t\t<div class=\"bdt-ep-advanced-image-gallery-content\">\n\t\t\t\t<div class=\"bdt-ep-advanced-image-gallery-content-inner\">\n\n\t\t\t\t\t\t\t\t\t\t\t\t\t\t\t\t<div class=\"bdt-flex-inline bdt-ep-advanced-image-gallery-item-link-wrapper\">\n\t\t\t\t\t\t\t<a class=\"bdt-ep-advanced-image-gallery-item-link elementor-clickable icon-type-icon\" data-elementor-open-lightbox=\"no\" data-caption=\"\" href=\"https:\/\/roteirosarqueologicosdoalentejo.uevora.pt\/wp-content\/uploads\/2023\/06\/13-sta-maria-do-bispo.jpg\">\n\t\t\t\t\t\t\t\t\n\t\t\t\t\t\t\t\t\t\t\t\t\t\t\t\t\t\t\t<span>\n\t\t\t\t\t\t\t\t\t\t\t<i class=\"ep-icon-plus-2\"><\/i>\n\t\t\t\t\t\t\t\t\t\t<\/span>\n\t\t\t\t\t\t\t\t\t\n\t\t\t\t\t\t\t\t\t\t\t\t\t\t\t<\/a>\n\t\t\t\t\t\t<\/div>\n\t\t\t\t\t\n\t\t\t\t\t\t\t\t\t<\/div>\n\t\t\t<\/div>\n\t\t<\/div>\n\t\t\t\t<\/div>\r\n\r\n\t\t\t\t\t\t\t<\/div>\r\n\r\n\t\t\t\t\t\t\r\n\t\t\t<div class=\"bdt-ep-advanced-image-gallery-item bdt-transition-toggle\">\r\n\t\t\t\t<div class=\"bdt-ep-advanced-image-gallery-inner bdt-image-mask\">\r\n\t\t\t\t\t<div class=\"bdt-ep-advanced-image-gallery-thumbnail bdt-transition-toggle\"><img loading=\"lazy\" decoding=\"async\" width=\"2560\" height=\"1920\" src=\"https:\/\/roteirosarqueologicosdoalentejo.uevora.pt\/wp-content\/uploads\/2023\/06\/15-igreja-santiago-scaled.jpg\" class=\"jgalleryImage\" alt=\"Igreja santiago\" srcset=\"https:\/\/roteirosarqueologicosdoalentejo.uevora.pt\/wp-content\/uploads\/2023\/06\/15-igreja-santiago-scaled.jpg 2560w, https:\/\/roteirosarqueologicosdoalentejo.uevora.pt\/wp-content\/uploads\/2023\/06\/15-igreja-santiago-300x225.jpg 300w, https:\/\/roteirosarqueologicosdoalentejo.uevora.pt\/wp-content\/uploads\/2023\/06\/15-igreja-santiago-1024x768.jpg 1024w, https:\/\/roteirosarqueologicosdoalentejo.uevora.pt\/wp-content\/uploads\/2023\/06\/15-igreja-santiago-768x576.jpg 768w, https:\/\/roteirosarqueologicosdoalentejo.uevora.pt\/wp-content\/uploads\/2023\/06\/15-igreja-santiago-1536x1152.jpg 1536w, https:\/\/roteirosarqueologicosdoalentejo.uevora.pt\/wp-content\/uploads\/2023\/06\/15-igreja-santiago-2048x1536.jpg 2048w, https:\/\/roteirosarqueologicosdoalentejo.uevora.pt\/wp-content\/uploads\/2023\/06\/15-igreja-santiago-650x488.jpg 650w\" sizes=\"(max-width: 2560px) 100vw, 2560px\" \/><\/div>\t\t<div class=\"bdt-position-cover bdt-overlay bdt-overlay-default bdt-transition-fade\">\n\t\t\t<div class=\"bdt-ep-advanced-image-gallery-content\">\n\t\t\t\t<div class=\"bdt-ep-advanced-image-gallery-content-inner\">\n\n\t\t\t\t\t\t\t\t\t\t\t\t\t\t\t\t<div class=\"bdt-flex-inline bdt-ep-advanced-image-gallery-item-link-wrapper\">\n\t\t\t\t\t\t\t<a class=\"bdt-ep-advanced-image-gallery-item-link elementor-clickable icon-type-icon\" data-elementor-open-lightbox=\"no\" data-caption=\"Igreja santiago\" href=\"https:\/\/roteirosarqueologicosdoalentejo.uevora.pt\/wp-content\/uploads\/2023\/06\/15-igreja-santiago-scaled.jpg\">\n\t\t\t\t\t\t\t\t\n\t\t\t\t\t\t\t\t\t\t\t\t\t\t\t\t\t\t\t<span>\n\t\t\t\t\t\t\t\t\t\t\t<i class=\"ep-icon-plus-2\"><\/i>\n\t\t\t\t\t\t\t\t\t\t<\/span>\n\t\t\t\t\t\t\t\t\t\n\t\t\t\t\t\t\t\t\t\t\t\t\t\t\t<\/a>\n\t\t\t\t\t\t<\/div>\n\t\t\t\t\t\n\t\t\t\t\t\t\t\t\t<\/div>\n\t\t\t<\/div>\n\t\t<\/div>\n\t\t\t\t<\/div>\r\n\r\n\t\t\t\t\t\t\t<\/div>\r\n\r\n\t\t\t\t\t\t\r\n\t\t\t<div class=\"bdt-ep-advanced-image-gallery-item bdt-transition-toggle\">\r\n\t\t\t\t<div class=\"bdt-ep-advanced-image-gallery-inner bdt-image-mask\">\r\n\t\t\t\t\t<div class=\"bdt-ep-advanced-image-gallery-thumbnail bdt-transition-toggle\"><img loading=\"lazy\" decoding=\"async\" width=\"1920\" height=\"2560\" src=\"https:\/\/roteirosarqueologicosdoalentejo.uevora.pt\/wp-content\/uploads\/2023\/06\/16-igreja-santiago-scaled.jpg\" class=\"jgalleryImage\" alt=\"Igreja santiago\" srcset=\"https:\/\/roteirosarqueologicosdoalentejo.uevora.pt\/wp-content\/uploads\/2023\/06\/16-igreja-santiago-scaled.jpg 1920w, https:\/\/roteirosarqueologicosdoalentejo.uevora.pt\/wp-content\/uploads\/2023\/06\/16-igreja-santiago-225x300.jpg 225w, https:\/\/roteirosarqueologicosdoalentejo.uevora.pt\/wp-content\/uploads\/2023\/06\/16-igreja-santiago-768x1024.jpg 768w, https:\/\/roteirosarqueologicosdoalentejo.uevora.pt\/wp-content\/uploads\/2023\/06\/16-igreja-santiago-1152x1536.jpg 1152w, https:\/\/roteirosarqueologicosdoalentejo.uevora.pt\/wp-content\/uploads\/2023\/06\/16-igreja-santiago-1536x2048.jpg 1536w, https:\/\/roteirosarqueologicosdoalentejo.uevora.pt\/wp-content\/uploads\/2023\/06\/16-igreja-santiago-488x650.jpg 488w\" sizes=\"(max-width: 1920px) 100vw, 1920px\" \/><\/div>\t\t<div class=\"bdt-position-cover bdt-overlay bdt-overlay-default bdt-transition-fade\">\n\t\t\t<div class=\"bdt-ep-advanced-image-gallery-content\">\n\t\t\t\t<div class=\"bdt-ep-advanced-image-gallery-content-inner\">\n\n\t\t\t\t\t\t\t\t\t\t\t\t\t\t\t\t<div class=\"bdt-flex-inline bdt-ep-advanced-image-gallery-item-link-wrapper\">\n\t\t\t\t\t\t\t<a class=\"bdt-ep-advanced-image-gallery-item-link elementor-clickable icon-type-icon\" data-elementor-open-lightbox=\"no\" data-caption=\"Igreja santiago\" href=\"https:\/\/roteirosarqueologicosdoalentejo.uevora.pt\/wp-content\/uploads\/2023\/06\/16-igreja-santiago-scaled.jpg\">\n\t\t\t\t\t\t\t\t\n\t\t\t\t\t\t\t\t\t\t\t\t\t\t\t\t\t\t\t<span>\n\t\t\t\t\t\t\t\t\t\t\t<i class=\"ep-icon-plus-2\"><\/i>\n\t\t\t\t\t\t\t\t\t\t<\/span>\n\t\t\t\t\t\t\t\t\t\n\t\t\t\t\t\t\t\t\t\t\t\t\t\t\t<\/a>\n\t\t\t\t\t\t<\/div>\n\t\t\t\t\t\n\t\t\t\t\t\t\t\t\t<\/div>\n\t\t\t<\/div>\n\t\t<\/div>\n\t\t\t\t<\/div>\r\n\r\n\t\t\t\t\t\t\t<\/div>\r\n\r\n\t\t\t\t<\/div>\r\n\t\t\t\t\t\t\t<div class=\"bdt-position-z-index bdt-position-center bdt-visible@m\">\r\n\t\t\t<div class=\"bdt-arrows-container bdt-slidenav-container\">\r\n\t\t\t\t<a href=\"\" class=\"bdt-navigation-prev bdt-slidenav-previous bdt-slidenav\" data-bdt-slider-item=\"previous\">\r\n\t\t\t\t\t<i class=\"ep-icon-arrow-left-0\" aria-hidden=\"true\"><\/i>\r\n\t\t\t\t<\/a>\r\n\t\t\t\t<a href=\"\" class=\"bdt-navigation-next bdt-slidenav-next bdt-slidenav\" data-bdt-slider-item=\"next\">\r\n\t\t\t\t\t<i class=\"ep-icon-arrow-right-0\" aria-hidden=\"true\"><\/i>\r\n\t\t\t\t<\/a>\r\n\t\t\t<\/div>\r\n\t\t<\/div>\r\n\t\t\t\t\t<\/div>\r\n\t\t\t\t\t<\/div>\n\t\t\t\t<\/div>\n\t\t\t\t<div class=\"elementor-element elementor-element-95169e0 elementor-widget__width-initial elementor-widget-tablet__width-initial elementor-widget-mobile__width-inherit animated-fast elementor-invisible elementor-widget elementor-widget-text-editor\" data-id=\"95169e0\" data-element_type=\"widget\" data-e-type=\"widget\" data-settings=\"{&quot;_animation&quot;:&quot;fadeInUp&quot;,&quot;_animation_delay&quot;:500}\" data-widget_type=\"text-editor.default\">\n\t\t\t\t<div class=\"elementor-widget-container\">\n\t\t\t\t\t\t\t\t\t<p>Archivo fotogr\u00e1fico de la C\u00e2mara Municipal de Montemor-o-Novo<\/p>\t\t\t\t\t\t\t\t<\/div>\n\t\t\t\t<\/div>\n\t\t\t\t\t<\/div>\n\t\t<\/div>\n\t\t\t\t\t<\/div>\n\t\t<\/div>\n\t\t\t\t<section class=\"elementor-section elementor-top-section elementor-element elementor-element-6d47095 elementor-section-boxed elementor-section-height-default elementor-section-height-default\" data-id=\"6d47095\" data-element_type=\"section\" data-e-type=\"section\">\n\t\t\t\t\t\t<div class=\"elementor-container elementor-column-gap-default\">\n\t\t\t\t\t<div class=\"elementor-column elementor-col-33 elementor-top-column elementor-element elementor-element-cfa6bdc\" data-id=\"cfa6bdc\" data-element_type=\"column\" data-e-type=\"column\">\n\t\t\t<div class=\"elementor-widget-wrap\">\n\t\t\t\t\t\t\t<\/div>\n\t\t<\/div>\n\t\t\t\t<div class=\"elementor-column elementor-col-33 elementor-top-column elementor-element elementor-element-5f9651f\" data-id=\"5f9651f\" data-element_type=\"column\" data-e-type=\"column\">\n\t\t\t<div class=\"elementor-widget-wrap elementor-element-populated\">\n\t\t\t\t\t\t<div class=\"elementor-element elementor-element-9e12de1 elementor-widget elementor-widget-heading\" data-id=\"9e12de1\" data-element_type=\"widget\" data-e-type=\"widget\" data-widget_type=\"heading.default\">\n\t\t\t\t<div class=\"elementor-widget-container\">\n\t\t\t\t\t<h6 class=\"elementor-heading-title elementor-size-default\">Colaboraci\u00f3n<\/h6>\t\t\t\t<\/div>\n\t\t\t\t<\/div>\n\t\t\t\t<div data-ep-wrapper-link=\"{&quot;url&quot;:&quot;https:\\\/\\\/www.cm-montemornovo.pt\\\/&quot;,&quot;is_external&quot;:&quot;on&quot;,&quot;nofollow&quot;:&quot;&quot;,&quot;custom_attributes&quot;:&quot;&quot;}\" style=\"cursor: pointer\" class=\"bdt-element-link elementor-element elementor-element-ce5eba1 elementor-widget elementor-widget-image\" data-id=\"ce5eba1\" data-element_type=\"widget\" data-e-type=\"widget\" data-widget_type=\"image.default\">\n\t\t\t\t<div class=\"elementor-widget-container\">\n\t\t\t\t\t\t\t\t\t\t\t\t\t\t\t<img loading=\"lazy\" decoding=\"async\" width=\"170\" height=\"64\" src=\"https:\/\/roteirosarqueologicosdoalentejo.uevora.pt\/wp-content\/uploads\/2023\/06\/Montemor-Novo-Logo.svg\" class=\"attachment-full size-full wp-image-2491\" alt=\"\" \/>\t\t\t\t\t\t\t\t\t\t\t\t\t\t\t<\/div>\n\t\t\t\t<\/div>\n\t\t\t\t\t<\/div>\n\t\t<\/div>\n\t\t\t\t<div class=\"elementor-column elementor-col-33 elementor-top-column elementor-element elementor-element-af6e31f\" data-id=\"af6e31f\" data-element_type=\"column\" data-e-type=\"column\">\n\t\t\t<div class=\"elementor-widget-wrap elementor-element-populated\">\n\t\t\t\t\t\t<div data-ep-wrapper-link=\"{&quot;url&quot;:&quot;https:\\\/\\\/montemorbase.com\\\/&quot;,&quot;is_external&quot;:&quot;on&quot;,&quot;nofollow&quot;:&quot;&quot;,&quot;custom_attributes&quot;:&quot;&quot;}\" style=\"cursor: pointer\" class=\"bdt-element-link elementor-element elementor-element-e355c10 elementor-widget elementor-widget-image\" data-id=\"e355c10\" data-element_type=\"widget\" data-e-type=\"widget\" data-widget_type=\"image.default\">\n\t\t\t\t<div class=\"elementor-widget-container\">\n\t\t\t\t\t\t\t\t\t\t\t\t\t\t\t<img loading=\"lazy\" decoding=\"async\" width=\"376\" height=\"58\" src=\"https:\/\/roteirosarqueologicosdoalentejo.uevora.pt\/wp-content\/uploads\/2023\/06\/Morbase-Logo.png\" class=\"attachment-full size-full wp-image-2563\" alt=\"\" srcset=\"https:\/\/roteirosarqueologicosdoalentejo.uevora.pt\/wp-content\/uploads\/2023\/06\/Morbase-Logo.png 376w, https:\/\/roteirosarqueologicosdoalentejo.uevora.pt\/wp-content\/uploads\/2023\/06\/Morbase-Logo-300x46.png 300w\" sizes=\"(max-width: 376px) 100vw, 376px\" \/>\t\t\t\t\t\t\t\t\t\t\t\t\t\t\t<\/div>\n\t\t\t\t<\/div>\n\t\t\t\t\t<\/div>\n\t\t<\/div>\n\t\t\t\t\t<\/div>\n\t\t<\/section>\n\t\t\t\t<section class=\"elementor-section elementor-top-section elementor-element elementor-element-0d4de28 elementor-section-boxed elementor-section-height-default elementor-section-height-default\" data-id=\"0d4de28\" data-element_type=\"section\" data-e-type=\"section\" data-settings=\"{&quot;background_background&quot;:&quot;classic&quot;}\">\n\t\t\t\t\t\t<div class=\"elementor-container elementor-column-gap-default\">\n\t\t\t\t\t<div class=\"elementor-column elementor-col-50 elementor-top-column elementor-element elementor-element-0ee30dc\" data-id=\"0ee30dc\" data-element_type=\"column\" data-e-type=\"column\">\n\t\t\t<div class=\"elementor-widget-wrap elementor-element-populated\">\n\t\t\t\t\t\t<div class=\"elementor-element elementor-element-b16aef6 elementor-widget elementor-widget-heading\" data-id=\"b16aef6\" data-element_type=\"widget\" data-e-type=\"widget\" data-widget_type=\"heading.default\">\n\t\t\t\t<div class=\"elementor-widget-container\">\n\t\t\t\t\t<h6 class=\"elementor-heading-title elementor-size-default\">Para saber m\u00e1s<\/h6>\t\t\t\t<\/div>\n\t\t\t\t<\/div>\n\t\t\t\t<div class=\"elementor-element elementor-element-35a8cb1 elementor-widget elementor-widget-heading\" data-id=\"35a8cb1\" data-element_type=\"widget\" data-e-type=\"widget\" data-widget_type=\"heading.default\">\n\t\t\t\t<div class=\"elementor-widget-container\">\n\t\t\t\t\t<h2 class=\"elementor-heading-title elementor-size-default\">Bibliograf\u00eda y enlaces \u00fatiles<\/h2>\t\t\t\t<\/div>\n\t\t\t\t<\/div>\n\t\t\t\t\t<\/div>\n\t\t<\/div>\n\t\t\t\t<div class=\"elementor-column elementor-col-50 elementor-top-column elementor-element elementor-element-58efcfb\" data-id=\"58efcfb\" data-element_type=\"column\" data-e-type=\"column\">\n\t\t\t<div class=\"elementor-widget-wrap elementor-element-populated\">\n\t\t\t\t\t\t<div class=\"elementor-element elementor-element-55bd527 elementor-widget elementor-widget-bdt-accordion\" data-id=\"55bd527\" data-element_type=\"widget\" data-e-type=\"widget\" data-widget_type=\"bdt-accordion.default\">\n\t\t\t\t<div class=\"elementor-widget-container\">\n\t\t\t\t\t        <div class=\"bdt-ep-accordion-container\">\r\n            <div id=\"bdt-ep-accordion-55bd527\" class=\"bdt-ep-accordion bdt-accordion\" data-bdt-accordion=\"{&quot;collapsible&quot;:true,&quot;multiple&quot;:false,&quot;transition&quot;:&quot;ease-in-out&quot;}\" data-settings=\"{&quot;id&quot;:&quot;bdt-ep-accordion-55bd527&quot;,&quot;activeHash&quot;:&quot;no&quot;,&quot;activeScrollspy&quot;:null,&quot;hashTopOffset&quot;:false,&quot;hashScrollspyTime&quot;:false}\">\r\n                                    <div class=\"bdt-ep-accordion-item\">\r\n                        <div class=\"bdt-ep-accordion-title bdt-accordion-title bdt-flex bdt-flex-middle bdt-flex-between\" id=\"bdt-ep-accordion-bibliografia\" data-accordion-index=\"0\" data-title=\"bibliografia\" role=\"heading\">\r\n\r\n                                                            <span class=\"bdt-ep-accordion-icon bdt-flex-align-right\" aria-hidden=\"true\">\r\n\r\n                                                                            <span class=\"bdt-ep-accordion-icon-closed\">\r\n                                            <i aria-hidden=\"true\" class=\"fa-fw ti ti-plus\"><\/i>                                        <\/span>\r\n                                    \r\n                                                                            <span class=\"bdt-ep-accordion-icon-opened\">\r\n                                            <i aria-hidden=\"true\" class=\"fa-fw ti ti-plus\"><\/i>                                        <\/span>\r\n                                    \r\n                                <\/span>\r\n                            \r\n                            <span class=\"bdt-ep-title-text bdt-flex bdt-flex-middle\">\r\n\r\n                                                                Bibliograf\u00eda                            <\/span>\r\n\r\n                        <\/div>\r\n                        <div class=\"bdt-ep-accordion-content bdt-accordion-content\">\r\n                            <p class=\"p1\">CARPETUDO, Carlos; LOPES, Gon\u00e7alo (2016). Pa\u00e7o dos Alcaides \u2013 Uma proposta de reconstru\u00e7\u00e3o virtual. In Almansor, Revista de Cultura, 2, 3\u00aa. S\u00e9rie, C\u00e2mara Municipal de Montemor-o-Novo, Montemor-o-Novo, pp. 155-186. Dispon\u00edvel em: <a href=\"https:\/\/montemorbase.com\/wp-content\/uploads\/2017\/06\/Carlos-Carpetudo-e-Gon%25C3%25A7aloLopes-Pa%25C3%25A7o-dos-Alcaides-%25E2%2580%2593-Uma-proposta-de-reconstru%25C3%25A7%25C3%25A3o-virtual.pdf\"><span class=\"s1\">https:\/\/montemorbase.com\/wp-content\/uploads\/2017\/06\/Carlos-Carpetudo-e-Gon%C3%A7aloLopes-Pa%C3%A7o-dos-Alcaides-%E2%80%93-Uma-proposta-de-reconstru%C3%A7%C3%A3o-virtual.pdf<\/span><\/a> [Consultado a 15\/05\/2023].<\/p><p class=\"p1\">PEREIRA, Manuela; N\u00d3BREGA, Ana; HENRIQUES, Artur; SANTOS, Herm\u00ednia (2005). Silos do Castelo de Montemor. O esp\u00f3lio cer\u00e2mico. <span class=\"s2\"><i>In Almansor, Revista de Cultura<\/i><\/span>, 4, 2\u00aa s\u00e9rie, C\u00e2mara Municipal de Montemor-o-Novo, Montemor-o-Novo, pp. 109-146.<\/p><p class=\"p1\">RESENDE, T\u00e2nia (1986). Cer\u00e2mica comum tardia proveniente das escava\u00e7\u00f5es da zona do Castelo de Montemor-o-Novo. <span class=\"s2\"><i>In Almansor, Revista de Cultura<\/i><\/span>, 4, 1\u00aa s\u00e9rie, C\u00e2mara Municipal de Montemor-o-Novo, Montemor-o-Novo, pp. 43-62.<\/p><p class=\"p1\">SANTOS, Cl\u00e1udia Valle (2002). A decad\u00eancia da \u00e1rea amuralhada de Montemor-o-Novo: da vila velha para a vila nova (s\u00e9culos XIV-XVI). In FERNANDES, Isabel Cristina Ferreira (coord.), <span class=\"s2\"><i>Mil anos de fortifica\u00e7\u00f5es na Pen\u00ednsula Ib\u00e9rica e no Magreb, Actas do Simp\u00f3sio Internacional sobre Castelos 2000<\/i><\/span>, Edi\u00e7\u00f5es Colibri \/ C\u00e2mara Municipal de Palmela, Lisboa, (500-1500), pp. 919-926.<\/p>                        <\/div>\r\n                    <\/div>\r\n                                    <div class=\"bdt-ep-accordion-item\">\r\n                        <div class=\"bdt-ep-accordion-title bdt-accordion-title bdt-flex bdt-flex-middle bdt-flex-between\" id=\"bdt-ep-accordion-links\" data-accordion-index=\"1\" data-title=\"links\" role=\"heading\">\r\n\r\n                                                            <span class=\"bdt-ep-accordion-icon bdt-flex-align-right\" aria-hidden=\"true\">\r\n\r\n                                                                            <span class=\"bdt-ep-accordion-icon-closed\">\r\n                                            <i aria-hidden=\"true\" class=\"fa-fw ti ti-plus\"><\/i>                                        <\/span>\r\n                                    \r\n                                                                            <span class=\"bdt-ep-accordion-icon-opened\">\r\n                                            <i aria-hidden=\"true\" class=\"fa-fw ti ti-plus\"><\/i>                                        <\/span>\r\n                                    \r\n                                <\/span>\r\n                            \r\n                            <span class=\"bdt-ep-title-text bdt-flex bdt-flex-middle\">\r\n\r\n                                                                Enlaces                            <\/span>\r\n\r\n                        <\/div>\r\n                        <div class=\"bdt-ep-accordion-content bdt-accordion-content\">\r\n                            <p class=\"p1\"><span class=\"s1\"><a href=\"https:\/\/montemorbase.com\/descubra-montemor-o-novo\/\">https:\/\/montemorbase.com\/descubra-montemor-o-novo\/<\/a><\/span><span class=\"s2\"><span class=\"Apple-converted-space\">\u00a0<\/span><\/span><\/p><p class=\"p1\"><span class=\"s1\"><a href=\"https:\/\/arqueologia.patrimoniocultural.pt\/index.php?sid=sitios&amp;subsid=50841\">https:\/\/arqueologia.patrimoniocultural.pt\/index.php?sid=sitios&amp;subsid=50841<\/a><\/span><span class=\"s2\"><span class=\"Apple-converted-space\">\u00a0<\/span><\/span><\/p><p class=\"p1\"><span class=\"s1\"><a href=\"http:\/\/monumentos.pt\/Site\/APP_PagesUser\/SIPA.aspx?id=7875\">http:\/\/monumentos.pt\/Site\/APP_PagesUser\/SIPA.aspx?id=7875<\/a><\/span><span class=\"s2\"><span class=\"Apple-converted-space\">\u00a0<\/span><\/span><\/p><p class=\"p1\"><span class=\"s1\"><a href=\"https:\/\/www.ufvilabisposilveiras.pt\/territorio\/patrimonio\/114-castelo-de-montemor-o-novo\">https:\/\/www.ufvilabisposilveiras.pt\/territorio\/patrimonio\/114-castelo-de-montemor-o-novo<\/a><\/span><span class=\"s2\"><span class=\"Apple-converted-space\">\u00a0<\/span><\/span><\/p><p class=\"p1\"><span class=\"s1\"><a href=\"https:\/\/www.youtube.com\/watch?v=6iN0m4JxKK0\">https:\/\/www.youtube.com\/watch?v=6iN0m4JxKK0<\/a><\/span><span class=\"s2\"><span class=\"Apple-converted-space\">\u00a0<\/span><\/span><\/p><p class=\"p1\"><span class=\"s1\"><a href=\"https:\/\/www.youtube.com\/watch?v=OaOv8ZNWIVQ\">https:\/\/www.youtube.com\/watch?v=OaOv8ZNWIVQ<\/a><\/span><span class=\"s2\"><span class=\"Apple-converted-space\">\u00a0<\/span><\/span><\/p><p class=\"p1\"><span class=\"s1\"><a href=\"https:\/\/www.youtube.com\/watch?v=TuNplhgY2Y0\">https:\/\/www.youtube.com\/watch?v=TuNplhgY2Y0<\/a><\/span><span class=\"s2\"><span class=\"Apple-converted-space\">\u00a0<\/span><\/span><\/p><p class=\"p1\"><span class=\"s1\"><a href=\"https:\/\/youtu.be\/bxrh_QQPoE0\">https:\/\/youtu.be\/bxrh_QQPoE0<\/a><\/span><span class=\"s2\"><span class=\"Apple-converted-space\">\u00a0<\/span><\/span><\/p><p class=\"p1\"><span class=\"s1\"><a href=\"https:\/\/www.youtube.com\/watch?v=Nm8U6qvvMSE\">https:\/\/www.youtube.com\/watch?v=Nm8U6qvvMSE<\/a><\/span><span class=\"s2\"><span class=\"Apple-converted-space\">\u00a0<\/span><\/span><\/p><p class=\"p1\"><span class=\"s1\"><a href=\"https:\/\/www.youtube.com\/watch?v=GKkGU-idqDw\">https:\/\/www.youtube.com\/watch?v=GKkGU-idqDw<\/a><\/span><span class=\"s2\"><span class=\"Apple-converted-space\">\u00a0<\/span><\/span><\/p><p class=\"p1\"><span class=\"s1\"><a href=\"https:\/\/www.youtube.com\/watch?v=_Cft6aUrDy8\">https:\/\/www.youtube.com\/watch?v=_Cft6aUrDy8<\/a><\/span><span class=\"s2\"><span class=\"Apple-converted-space\">\u00a0<\/span><\/span><\/p><p class=\"p1\"><span class=\"s1\"><a href=\"https:\/\/www.youtube.com\/watch?v=6sbdSgs8kbc\">https:\/\/www.youtube.com\/watch?v=6sbdSgs8kbc<\/a><\/span><span class=\"s2\"><span class=\"Apple-converted-space\">\u00a0<\/span><\/span><\/p><p class=\"p1\"><span class=\"s1\"><a href=\"https:\/\/www.youtube.com\/watch?v=PB4IrWMI4oY\">https:\/\/www.youtube.com\/watch?v=PB4IrWMI4oY<\/a><\/span><span class=\"s2\"><span class=\"Apple-converted-space\">\u00a0<\/span><\/span><\/p><p>\u00a0<\/p><h4>Fotogrametria<\/h4><p><a href=\"https:\/\/sketchfab.com\/3d-models\/paco-dos-alcaides-castelo-de-montemor-o-novo-5c6965cc9640450d91ba7d788d4e01fe\">Pa\u00e7o dos Alcaides, Castelo de Montemor-o-Novo<\/a><br \/><a href=\"https:\/\/sketchfab.com\/3d-models\/cisterna-castelo-de-montemor-o-novo-4efefa48d95d49788974b4349fef9dac\">Cisterna, Castelo de Montemor-o-Novo<\/a><br \/><a href=\"https:\/\/sketchfab.com\/3d-models\/convento-de-nossa-senhora-da-saudacao-c4a86c43b94f4fd7bc16a4c1878aac8e\">Convento de Nossa Senhora da Sauda\u00e7\u00e3o<\/a><br \/><a href=\"https:\/\/sketchfab.com\/3d-models\/igreja-de-santa-maria-do-bispo-f85c44dc40bd4eb29545f3ce2f32ce01\">Igreja de Santa Maria do Bispo<\/a><br \/><a href=\"https:\/\/sketchfab.com\/3d-models\/escavacoes-arqueologicas-do-castelo-1455c37add2f4196a3692ceb42776a4f\">Escava\u00e7\u00f5es Arqueol\u00f3gicas do Castelo<\/a><br \/><a href=\"https:\/\/sketchfab.com\/3d-models\/imposta-visigotica-e84296c3a81647e89cbbb6c811555cc6\">Imposta Visig\u00f3tica<\/a><br \/><a href=\"https:\/\/sketchfab.com\/3d-models\/capela-de-s-jorge-igreja-de-sta-ma-do-bispo-2d76abfbbc9a4e36975d95de4f8a9133\">Capela de S. Jorge, Igreja de Sta. Maria do Bispo<\/a><br \/><a href=\"https:\/\/sketchfab.com\/3d-models\/escavacoes-arqueologicas-castelo-d5e39a7a395c4a1bb2a93e11cd2d85a8\">Escava\u00e7\u00f5es Arqueol\u00f3gicas, Castelo<\/a><br \/><a href=\"https:\/\/sketchfab.com\/3d-models\/sinagogacadeia-do-castelo-de-montemor-o-novo-5fee1181d78a478a928cc52f3cfa834c\">Sinagoga\/Cadeia do Castelo de Montemor-o-Novo<\/a><br \/><a href=\"https:\/\/sketchfab.com\/3d-models\/fragmento-de-talha-com-decoracao-islamica-349671a0e50241e6929c21249ef29479\">Fragmento de Talha com Decora\u00e7\u00e3o Isl\u00e2mica<\/a><br \/><a href=\"https:\/\/sketchfab.com\/3d-models\/pintadeira-de-pao-435a19cd4b3a43dcbad54a3b4cea53e1\">Pintadeira de P\u00e3o<\/a><br \/><a href=\"https:\/\/sketchfab.com\/3d-models\/selo-de-panos-da-cidade-de-leiden-e0806bc3457f46859e217717d3afbc89\">Selo de Panos da Cidade de Leiden<\/a><br \/><a href=\"https:\/\/sketchfab.com\/3d-models\/tigelas-f02f720779d744678de7cd9f3793cfac\">Tigelas\u00a0<\/a><\/p>                        <\/div>\r\n                    <\/div>\r\n                            <\/div>\r\n        <\/div>\r\n    \t\t\t\t<\/div>\n\t\t\t\t<\/div>\n\t\t\t\t\t<\/div>\n\t\t<\/div>\n\t\t\t\t\t<\/div>\n\t\t<\/section>\n\t\t\t\t<\/div>","protected":false},"excerpt":{"rendered":"<p>Montemor-o-Novo Castelo de Montemor-o-Novo Coordenadas 38\u00ba38&#8217;35.18&#8243;N \/ 8\u00ba12&#8217;58.80&#8243;O Direc\u00e7\u00f5es Hor\u00e1rio Outubro a mar\u00e7o: 9h00 &#8211; 12h30 e 14h00 &#8211; 17h30; Abril a [&hellip;]<\/p>","protected":false},"author":1,"featured_media":2595,"comment_status":"closed","ping_status":"closed","sticky":false,"template":"elementor_header_footer","format":"standard","meta":{"_acf_changed":false,"footnotes":""},"categories":[10],"tags":[],"class_list":["post-1311","post","type-post","status-publish","format-standard","has-post-thumbnail","hentry","category-montemor-o-novo"],"aioseo_notices":[],"acf":[],"_links":{"self":[{"href":"https:\/\/roteirosarqueologicosdoalentejo.uevora.pt\/es\/wp-json\/wp\/v2\/posts\/1311","targetHints":{"allow":["GET"]}}],"collection":[{"href":"https:\/\/roteirosarqueologicosdoalentejo.uevora.pt\/es\/wp-json\/wp\/v2\/posts"}],"about":[{"href":"https:\/\/roteirosarqueologicosdoalentejo.uevora.pt\/es\/wp-json\/wp\/v2\/types\/post"}],"author":[{"embeddable":true,"href":"https:\/\/roteirosarqueologicosdoalentejo.uevora.pt\/es\/wp-json\/wp\/v2\/users\/1"}],"replies":[{"embeddable":true,"href":"https:\/\/roteirosarqueologicosdoalentejo.uevora.pt\/es\/wp-json\/wp\/v2\/comments?post=1311"}],"version-history":[{"count":0,"href":"https:\/\/roteirosarqueologicosdoalentejo.uevora.pt\/es\/wp-json\/wp\/v2\/posts\/1311\/revisions"}],"wp:featuredmedia":[{"embeddable":true,"href":"https:\/\/roteirosarqueologicosdoalentejo.uevora.pt\/es\/wp-json\/wp\/v2\/media\/2595"}],"wp:attachment":[{"href":"https:\/\/roteirosarqueologicosdoalentejo.uevora.pt\/es\/wp-json\/wp\/v2\/media?parent=1311"}],"wp:term":[{"taxonomy":"category","embeddable":true,"href":"https:\/\/roteirosarqueologicosdoalentejo.uevora.pt\/es\/wp-json\/wp\/v2\/categories?post=1311"},{"taxonomy":"post_tag","embeddable":true,"href":"https:\/\/roteirosarqueologicosdoalentejo.uevora.pt\/es\/wp-json\/wp\/v2\/tags?post=1311"}],"curies":[{"name":"wp","href":"https:\/\/api.w.org\/{rel}","templated":true}]}}