{"id":1440,"date":"2023-06-17T09:06:48","date_gmt":"2023-06-17T09:06:48","guid":{"rendered":"https:\/\/roteirosarqueologicosdoalentejo.uevora.pt\/?p=1440"},"modified":"2023-11-28T14:30:22","modified_gmt":"2023-11-28T14:30:22","slug":"casarao","status":"publish","type":"post","link":"https:\/\/roteirosarqueologicosdoalentejo.uevora.pt\/en\/casarao\/","title":{"rendered":"Casar\u00e3o"},"content":{"rendered":"<div data-elementor-type=\"wp-post\" data-elementor-id=\"1440\" class=\"elementor elementor-1440\" data-elementor-post-type=\"post\">\n\t\t\t\t\t\t<div class=\"elementor-section elementor-top-section elementor-element elementor-element-2c1ebbc elementor-section-boxed elementor-section-height-default elementor-section-height-default\" data-id=\"2c1ebbc\" data-element_type=\"section\" data-e-type=\"section\" data-settings=\"{&quot;background_background&quot;:&quot;classic&quot;}\">\n\t\t\t\t\t\t\t<div class=\"elementor-background-overlay\"><\/div>\n\t\t\t\t\t\t\t<div class=\"elementor-container elementor-column-gap-default\">\n\t\t\t\t\t<div class=\"elementor-column elementor-col-100 elementor-top-column elementor-element elementor-element-93fe50e\" data-id=\"93fe50e\" data-element_type=\"column\" data-e-type=\"column\">\n\t\t\t<div class=\"elementor-widget-wrap elementor-element-populated\">\n\t\t\t\t\t\t<div class=\"elementor-element elementor-element-f6d7fe9 elementor-widget elementor-widget-heading\" data-id=\"f6d7fe9\" data-element_type=\"widget\" data-e-type=\"widget\" data-widget_type=\"heading.default\">\n\t\t\t\t<div class=\"elementor-widget-container\">\n\t\t\t\t\t<h6 class=\"elementor-heading-title elementor-size-default\">Archaeological Circuit of Castro da Cola, Ourique<\/h6>\t\t\t\t<\/div>\n\t\t\t\t<\/div>\n\t\t\t\t<div class=\"elementor-element elementor-element-c8699b5 elementor-widget__width-initial elementor-widget-tablet__width-initial  ui-split-animate ui-splitby-chars elementor-widget elementor-widget-heading\" data-id=\"c8699b5\" data-element_type=\"widget\" data-e-type=\"widget\" data-settings=\"{&quot;ui_animate_split&quot;:&quot;ui-split-animate&quot;,&quot;_animation&quot;:&quot;none&quot;,&quot;ui_animate_split_by&quot;:&quot;chars&quot;,&quot;ui_animate_split_style&quot;:&quot;fadeInUp&quot;}\" data-widget_type=\"heading.default\">\n\t\t\t\t<div class=\"elementor-widget-container\">\n\t\t\t\t\t<h1 class=\"elementor-heading-title elementor-size-default\">Casar\u00e3o<\/h1>\t\t\t\t<\/div>\n\t\t\t\t<\/div>\n\t\t\t\t\t<\/div>\n\t\t<\/div>\n\t\t\t\t\t<\/div>\n\t\t<\/div>\n\t\t\t\t<div class=\"elementor-section elementor-top-section elementor-element elementor-element-b2eac7d elementor-section-full_width elementor-section-height-default elementor-section-height-default\" data-id=\"b2eac7d\" data-element_type=\"section\" data-e-type=\"section\">\n\t\t\t\t\t\t<div class=\"elementor-container elementor-column-gap-default\">\n\t\t\t\t\t<div class=\"elementor-column elementor-col-100 elementor-top-column elementor-element elementor-element-4db730d\" data-id=\"4db730d\" data-element_type=\"column\" data-e-type=\"column\">\n\t\t\t<div class=\"elementor-widget-wrap elementor-element-populated\">\n\t\t\t\t\t\t<div class=\"elementor-section elementor-inner-section elementor-element elementor-element-0aded5e elementor-reverse-mobile elementor-section-boxed elementor-section-height-default elementor-section-height-default\" data-id=\"0aded5e\" data-element_type=\"section\" data-e-type=\"section\" data-settings=\"{&quot;background_background&quot;:&quot;gradient&quot;}\">\n\t\t\t\t\t\t<div class=\"elementor-container elementor-column-gap-default\">\n\t\t\t\t\t<div class=\"elementor-column elementor-col-50 elementor-inner-column elementor-element elementor-element-0c1cea9\" data-id=\"0c1cea9\" data-element_type=\"column\" data-e-type=\"column\" data-settings=\"{&quot;background_background&quot;:&quot;classic&quot;}\">\n\t\t\t<div class=\"elementor-widget-wrap elementor-element-populated\">\n\t\t\t\t\t\t<div class=\"elementor-element elementor-element-8d783b3 elementor-widget elementor-widget-icon-box\" data-id=\"8d783b3\" data-element_type=\"widget\" data-e-type=\"widget\" data-widget_type=\"icon-box.default\">\n\t\t\t\t<div class=\"elementor-widget-container\">\n\t\t\t\t\t\t\t<div class=\"elementor-icon-box-wrapper\">\n\n\t\t\t\n\t\t\t\t\t\t<div class=\"elementor-icon-box-content\">\n\n\t\t\t\t\t\t\t\t\t<span class=\"elementor-icon-box-title\">\n\t\t\t\t\t\t<span  >\n\t\t\t\t\t\t\tCoordinates\t\t\t\t\t\t<\/span>\n\t\t\t\t\t<\/span>\n\t\t\t\t\n\t\t\t\t\t\t\t\t\t<p class=\"elementor-icon-box-description\">\n\t\t\t\t\t\t37\u00ba34'34.24\"N \/ 8\u00ba15'37.77\"O\t\t\t\t\t<\/p>\n\t\t\t\t\n\t\t\t<\/div>\n\t\t\t\n\t\t<\/div>\n\t\t\t\t\t\t<\/div>\n\t\t\t\t<\/div>\n\t\t\t\t<div class=\"elementor-element elementor-element-02ddcde elementor-widget elementor-widget-button\" data-id=\"02ddcde\" data-element_type=\"widget\" data-e-type=\"widget\" data-widget_type=\"button.default\">\n\t\t\t\t<div class=\"elementor-widget-container\">\n\t\t\t\t\t\t\t\t\t<div class=\"elementor-button-wrapper\">\n\t\t\t\t\t<a class=\"elementor-button elementor-button-link elementor-size-sm\" href=\"https:\/\/goo.gl\/maps\/wPjRAS6SDTY9S1Po9\">\n\t\t\t\t\t\t<span class=\"elementor-button-content-wrapper\">\n\t\t\t\t\t\t<span class=\"elementor-button-icon\">\n\t\t\t\t<i aria-hidden=\"true\" class=\"fas fa-arrow-right\"><\/i>\t\t\t<\/span>\n\t\t\t\t\t\t\t\t\t<span class=\"elementor-button-text\">Directions<\/span>\n\t\t\t\t\t<\/span>\n\t\t\t\t\t<\/a>\n\t\t\t\t<\/div>\n\t\t\t\t\t\t\t\t<\/div>\n\t\t\t\t<\/div>\n\t\t\t\t<div class=\"elementor-element elementor-element-f95f81c elementor-position-inline-start elementor-mobile-position-inline-start elementor-view-default elementor-widget elementor-widget-icon-box\" data-id=\"f95f81c\" data-element_type=\"widget\" data-e-type=\"widget\" data-widget_type=\"icon-box.default\">\n\t\t\t\t<div class=\"elementor-widget-container\">\n\t\t\t\t\t\t\t<div class=\"elementor-icon-box-wrapper\">\n\n\t\t\t\t\t\t<div class=\"elementor-icon-box-icon\">\n\t\t\t\t<span  class=\"elementor-icon\">\n\t\t\t\t<i aria-hidden=\"true\" class=\"far fa-clock\"><\/i>\t\t\t\t<\/span>\n\t\t\t<\/div>\n\t\t\t\n\t\t\t\t\t\t<div class=\"elementor-icon-box-content\">\n\n\t\t\t\t\t\t\t\t\t<h3 class=\"elementor-icon-box-title\">\n\t\t\t\t\t\t<span  >\n\t\t\t\t\t\t\tFree access\t\t\t\t\t\t<\/span>\n\t\t\t\t\t<\/h3>\n\t\t\t\t\n\t\t\t\t\t\t\t\t\t<p class=\"elementor-icon-box-description translation-block\">Reception and Interpretation Centre<br>\nVisits to this centre are free. <br>It closes on Tuesdays and Wednesdays, January 1, Easter Sunday, and December 25.<br>\nSummer (May 1 to September 15) \u2013 9.30 a.m.-12.30 p.m. \/ 3 p.m.-6.30 p.m.<br>\nWinter (September 16 to April 30) \u2013 9.30 a.m.-12.30 p.m. \/ 2 p.m. -5.30 p.m.<\/p>\n\t\t\t\t\n\t\t\t<\/div>\n\t\t\t\n\t\t<\/div>\n\t\t\t\t\t\t<\/div>\n\t\t\t\t<\/div>\n\t\t\t\t\t<\/div>\n\t\t<\/div>\n\t\t\t\t<div class=\"elementor-column elementor-col-50 elementor-inner-column elementor-element elementor-element-6936d12\" data-id=\"6936d12\" data-element_type=\"column\" data-e-type=\"column\">\n\t\t\t<div class=\"elementor-widget-wrap\">\n\t\t\t\t\t\t\t<\/div>\n\t\t<\/div>\n\t\t\t\t\t<\/div>\n\t\t<\/div>\n\t\t\t\t\t<\/div>\n\t\t<\/div>\n\t\t\t\t\t<\/div>\n\t\t<\/div>\n\t\t\t\t<div class=\"elementor-section elementor-top-section elementor-element elementor-element-5035d62 elementor-section-boxed elementor-section-height-default elementor-section-height-default\" data-id=\"5035d62\" data-element_type=\"section\" data-e-type=\"section\" data-settings=\"{&quot;background_background&quot;:&quot;classic&quot;}\">\n\t\t\t\t\t\t<div class=\"elementor-container elementor-column-gap-no\">\n\t\t\t\t\t<div class=\"elementor-column elementor-col-100 elementor-top-column elementor-element elementor-element-36983f7\" data-id=\"36983f7\" data-element_type=\"column\" data-e-type=\"column\">\n\t\t\t<div class=\"elementor-widget-wrap elementor-element-populated\">\n\t\t\t\t\t\t<section class=\"elementor-section elementor-inner-section elementor-element elementor-element-20fe0a8 elementor-section-boxed elementor-section-height-default elementor-section-height-default\" data-id=\"20fe0a8\" data-element_type=\"section\" data-e-type=\"section\">\n\t\t\t\t\t\t<div class=\"elementor-container elementor-column-gap-default\">\n\t\t\t\t\t<div class=\"elementor-column elementor-col-50 elementor-inner-column elementor-element elementor-element-004ae82\" data-id=\"004ae82\" data-element_type=\"column\" data-e-type=\"column\">\n\t\t\t<div class=\"elementor-widget-wrap elementor-element-populated\">\n\t\t\t\t\t\t<div class=\"elementor-element elementor-element-b90cd73 elementor-widget elementor-widget-heading\" data-id=\"b90cd73\" data-element_type=\"widget\" data-e-type=\"widget\" data-widget_type=\"heading.default\">\n\t\t\t\t<div class=\"elementor-widget-container\">\n\t\t\t\t\t<h6 class=\"elementor-heading-title elementor-size-default\">About<\/h6>\t\t\t\t<\/div>\n\t\t\t\t<\/div>\n\t\t\t\t<div class=\"elementor-element elementor-element-d94d2ec animated-fast elementor-invisible elementor-widget elementor-widget-heading\" data-id=\"d94d2ec\" data-element_type=\"widget\" data-e-type=\"widget\" data-settings=\"{&quot;_animation&quot;:&quot;fadeInUp&quot;,&quot;_animation_delay&quot;:100}\" data-widget_type=\"heading.default\">\n\t\t\t\t<div class=\"elementor-widget-container\">\n\t\t\t\t\t<h2 class=\"elementor-heading-title elementor-size-default\">O Casar\u00e3o <\/h2>\t\t\t\t<\/div>\n\t\t\t\t<\/div>\n\t\t\t\t<div class=\"elementor-element elementor-element-89513dd animated-fast elementor-invisible elementor-widget elementor-widget-text-editor\" data-id=\"89513dd\" data-element_type=\"widget\" data-e-type=\"widget\" data-settings=\"{&quot;_animation&quot;:&quot;fadeInUp&quot;,&quot;_animation_delay&quot;:150}\" data-widget_type=\"text-editor.default\">\n\t\t\t\t<div class=\"elementor-widget-container\">\n\t\t\t\t\t\t\t\t\t<p class=\"p1\">The archaeological site of Casar\u00e3o is a funerary monument with a circular plan, approximately 6.9 meters wide. It consists of a rectangular central chamber and a corridor. Although only its base is preserved, it would have been covered by a hemispheric volume (burial mound), which made it stand out in the surrounding landscape.<\/p><p class=\"p1 translation-block\">This type of funerary monument, built in the late 8th century B.C. \/ early 7th century B.C. (Iron Age), was destined to individual burials, typically of important persons. However, besides the grave in the centre of the ensemble, a second grave \u2013 a pit covered with rocks \u2013 was identified outside the main funerary monument.<\/p>\t\t\t\t\t\t\t\t<\/div>\n\t\t\t\t<\/div>\n\t\t\t\t\t<\/div>\n\t\t<\/div>\n\t\t\t\t<div class=\"elementor-column elementor-col-50 elementor-inner-column elementor-element elementor-element-6f0baa7\" data-id=\"6f0baa7\" data-element_type=\"column\" data-e-type=\"column\">\n\t\t\t<div class=\"elementor-widget-wrap elementor-element-populated\">\n\t\t\t\t\t\t<div class=\"elementor-element elementor-element-3ad0698 elementor-widget elementor-widget-image\" data-id=\"3ad0698\" data-element_type=\"widget\" data-e-type=\"widget\" data-widget_type=\"image.default\">\n\t\t\t\t<div class=\"elementor-widget-container\">\n\t\t\t\t\t\t\t\t\t\t\t\t\t\t\t\t<a href=\"https:\/\/roteirosarqueologicosdoalentejo.uevora.pt\/wp-content\/uploads\/2023\/06\/Casara\u2560ao-2-1.jpg\" data-elementor-open-lightbox=\"yes\" data-e-action-hash=\"#elementor-action%3Aaction%3Dlightbox%26settings%3DeyJpZCI6MzAwNSwidXJsIjoiaHR0cHM6XC9cL3JvdGVpcm9zYXJxdWVvbG9naWNvc2RvYWxlbnRlam8udWV2b3JhLnB0XC93cC1jb250ZW50XC91cGxvYWRzXC8yMDIzXC8wNlwvQ2FzYXJhXHUyNTYwYW8tMi0xLmpwZyJ9\">\n\t\t\t\t\t\t\t<img fetchpriority=\"high\" decoding=\"async\" width=\"1857\" height=\"1912\" src=\"https:\/\/roteirosarqueologicosdoalentejo.uevora.pt\/wp-content\/uploads\/2023\/06\/Casara\u2560ao-2-1.jpg\" class=\"attachment-full size-full wp-image-3005\" alt=\"\" srcset=\"https:\/\/roteirosarqueologicosdoalentejo.uevora.pt\/wp-content\/uploads\/2023\/06\/Casara\u2560ao-2-1.jpg 1857w, https:\/\/roteirosarqueologicosdoalentejo.uevora.pt\/wp-content\/uploads\/2023\/06\/Casara\u2560ao-2-1-291x300.jpg 291w, https:\/\/roteirosarqueologicosdoalentejo.uevora.pt\/wp-content\/uploads\/2023\/06\/Casara\u2560ao-2-1-995x1024.jpg 995w, https:\/\/roteirosarqueologicosdoalentejo.uevora.pt\/wp-content\/uploads\/2023\/06\/Casara\u2560ao-2-1-768x791.jpg 768w, https:\/\/roteirosarqueologicosdoalentejo.uevora.pt\/wp-content\/uploads\/2023\/06\/Casara\u2560ao-2-1-1492x1536.jpg 1492w, https:\/\/roteirosarqueologicosdoalentejo.uevora.pt\/wp-content\/uploads\/2023\/06\/Casara\u2560ao-2-1-631x650.jpg 631w\" sizes=\"(max-width: 1857px) 100vw, 1857px\" \/>\t\t\t\t\t\t\t\t<\/a>\n\t\t\t\t\t\t\t\t\t\t\t\t\t\t\t<\/div>\n\t\t\t\t<\/div>\n\t\t\t\t<div class=\"elementor-element elementor-element-e352a39 elementor-widget__width-initial elementor-widget-tablet__width-initial elementor-widget-mobile__width-inherit animated-fast elementor-invisible elementor-widget elementor-widget-text-editor\" data-id=\"e352a39\" data-element_type=\"widget\" data-e-type=\"widget\" data-settings=\"{&quot;_animation&quot;:&quot;fadeInUp&quot;,&quot;_animation_delay&quot;:500}\" data-widget_type=\"text-editor.default\">\n\t\t\t\t<div class=\"elementor-widget-container\">\n\t\t\t\t\t\t\t\t\t<p>Plan: courtesy of the Ourique City Council<\/p>\t\t\t\t\t\t\t\t<\/div>\n\t\t\t\t<\/div>\n\t\t\t\t\t<\/div>\n\t\t<\/div>\n\t\t\t\t\t<\/div>\n\t\t<\/section>\n\t\t\t\t\t<\/div>\n\t\t<\/div>\n\t\t\t\t\t<\/div>\n\t\t<\/div>\n\t\t\t\t<div class=\"elementor-section elementor-top-section elementor-element elementor-element-49bd481 elementor-section-boxed elementor-section-height-default elementor-section-height-default\" data-id=\"49bd481\" data-element_type=\"section\" data-e-type=\"section\" data-settings=\"{&quot;background_background&quot;:&quot;classic&quot;}\">\n\t\t\t\t\t\t<div class=\"elementor-container elementor-column-gap-default\">\n\t\t\t\t\t<div class=\"elementor-column elementor-col-50 elementor-top-column elementor-element elementor-element-d066ad5\" data-id=\"d066ad5\" data-element_type=\"column\" data-e-type=\"column\">\n\t\t\t<div class=\"elementor-widget-wrap elementor-element-populated\">\n\t\t\t\t\t\t<div class=\"elementor-element elementor-element-28f7856 animated-fast elementor-invisible elementor-widget elementor-widget-heading\" data-id=\"28f7856\" data-element_type=\"widget\" data-e-type=\"widget\" data-settings=\"{&quot;_animation&quot;:&quot;fadeInUp&quot;}\" data-widget_type=\"heading.default\">\n\t\t\t\t<div class=\"elementor-widget-container\">\n\t\t\t\t\t<h6 class=\"elementor-heading-title elementor-size-default\">Access<\/h6>\t\t\t\t<\/div>\n\t\t\t\t<\/div>\n\t\t\t\t<div class=\"elementor-element elementor-element-f537081  ui-split-animate ui-splitby-lines elementor-widget elementor-widget-heading\" data-id=\"f537081\" data-element_type=\"widget\" data-e-type=\"widget\" data-settings=\"{&quot;ui_animate_split&quot;:&quot;ui-split-animate&quot;,&quot;ui_animate_split_by&quot;:&quot;lines&quot;,&quot;ui_animate_split_style&quot;:&quot;fadeInUp&quot;}\" data-widget_type=\"heading.default\">\n\t\t\t\t<div class=\"elementor-widget-container\">\n\t\t\t\t\t<h2 class=\"elementor-heading-title elementor-size-default\">Prepare your visit<\/h2>\t\t\t\t<\/div>\n\t\t\t\t<\/div>\n\t\t\t\t<div class=\"elementor-element elementor-element-46959b3 elementor-widget__width-initial elementor-widget-tablet__width-initial elementor-widget-mobile__width-inherit animated-fast elementor-invisible elementor-widget elementor-widget-text-editor\" data-id=\"46959b3\" data-element_type=\"widget\" data-e-type=\"widget\" data-settings=\"{&quot;_animation&quot;:&quot;fadeInUp&quot;,&quot;_animation_delay&quot;:500}\" data-widget_type=\"text-editor.default\">\n\t\t\t\t<div class=\"elementor-widget-container\">\n\t\t\t\t\t\t\t\t\t<p>The archaeological circuit has a Reception and Interpretation Centre near the Church of Nossa Senhora da Cola. It can be visited by people with reduced mobility (wheelchairs, baby strollers).\u00a0<br \/><span style=\"font-size: inherit; color: var( --e-global-color-uicore_dark ); font-family: var(--uicore-typography--p-f,'Inter'); font-style: var(--uicore-typography--p-st,'normal'); letter-spacing: var(--uicore-typography--p-ls,'-0.027em'); text-transform: var(--uicore-typography--p-t,'none');\"><br \/>For more information, contact<\/span><\/p><p class=\"p1\"><span class=\"s1\"><a style=\"color: #277768;\" href=\"mailto:colaassociacao@gmail.com\">colaassociacao@gmail.com<\/a><\/span><span class=\"s2\"> \/ <a style=\"color: #277768;\" href=\"mailto:cacmb.ourique@gmail.com\"><span class=\"s3\">cacmb.ourique@gmail.com<\/span><\/a> <\/span><\/p><p class=\"p2\">Jorge Silva \u2013 963090894<\/p><p class=\"p1\">\u00a0<\/p>\t\t\t\t\t\t\t\t<\/div>\n\t\t\t\t<\/div>\n\t\t\t\t\t<\/div>\n\t\t<\/div>\n\t\t\t\t<div class=\"elementor-column elementor-col-50 elementor-top-column elementor-element elementor-element-ac78663\" data-id=\"ac78663\" data-element_type=\"column\" data-e-type=\"column\">\n\t\t\t<div class=\"elementor-widget-wrap elementor-element-populated\">\n\t\t\t\t\t\t<section class=\"elementor-section elementor-inner-section elementor-element elementor-element-1bcfc5e elementor-section-boxed elementor-section-height-default elementor-section-height-default\" data-id=\"1bcfc5e\" data-element_type=\"section\" data-e-type=\"section\">\n\t\t\t\t\t\t<div class=\"elementor-container elementor-column-gap-default\">\n\t\t\t\t\t<div class=\"elementor-column elementor-col-50 elementor-inner-column elementor-element elementor-element-4423e1e\" data-id=\"4423e1e\" data-element_type=\"column\" data-e-type=\"column\">\n\t\t\t<div class=\"elementor-widget-wrap elementor-element-populated\">\n\t\t\t\t\t\t<div class=\"elementor-element elementor-element-d431db1 animated-fast bdt-icon-type-icon elementor-position-top bdt-icon-effect-none elementor-invisible elementor-widget elementor-widget-bdt-advanced-icon-box\" data-id=\"d431db1\" data-element_type=\"widget\" data-e-type=\"widget\" data-settings=\"{&quot;_animation&quot;:&quot;fadeInUp&quot;,&quot;_animation_delay&quot;:500}\" data-widget_type=\"bdt-advanced-icon-box.default\">\n\t\t\t\t<div class=\"elementor-widget-container\">\n\t\t\t\t\t\t\t<div class=\"bdt-ep-advanced-icon-box\">\n\n\t\t\t\t\t\t\t\n\t\t\t\t\t\t\t<div class=\"bdt-ep-advanced-icon-box-icon\">\n\t\t\t\t\t<span class=\"bdt-ep-advanced-icon-box-icon-wrap\">\n\n\n\t\t\t\t\t\t\n\t\t\t\t\t\t\t<i aria-hidden=\"true\" class=\"ti ti-wheelchair\"><\/i>\n\n\t\t\t\t\t\t\t\t\t\t\t<\/span>\n\t\t\t\t<\/div>\n\t\t\t\n\t\t\t\t\t\n\t\t\t<div class=\"bdt-ep-advanced-icon-box-content\">\n\n\t\t\t\t\t\t\t\t\t\n\t\t\t\t<h3 class=\"bdt-ep-advanced-icon-box-title\">\n\t\t\t\t<span >\n\t\t\t\t\tReduced mobility\t\t\t\t<\/span>\n\t\t\t<\/h3>\n\t\t\n\n\t\t\n\t\t\t\t\t\t\n\t\t\t\t\n\t\t\t\t\t\t\t\t\t<div class=\"bdt-ep-advanced-icon-box-description\">\n\t\t\t\t\t\t<p class=\"p1\">The archaeological site of Castro da Cola is not accessible to people with reduced mobility (wheelchairs, baby strollers), and guided tours are not available.<\/p><p>Children should always be accompanied by a responsible adult.<\/p>\t\t\t\t\t<\/div>\n\t\t\t\t\n\t\t\t\t\t\t\t<\/div>\n\t\t<\/div>\n\n\t\t\n\t\t\n\t\t\t\t\t\t<\/div>\n\t\t\t\t<\/div>\n\t\t\t\t\t<\/div>\n\t\t<\/div>\n\t\t\t\t<div class=\"elementor-column elementor-col-50 elementor-inner-column elementor-element elementor-element-5aecf39\" data-id=\"5aecf39\" data-element_type=\"column\" data-e-type=\"column\">\n\t\t\t<div class=\"elementor-widget-wrap elementor-element-populated\">\n\t\t\t\t\t\t<div class=\"elementor-element elementor-element-d5ab1eb animated-fast bdt-icon-type-icon elementor-position-top bdt-icon-effect-none elementor-invisible elementor-widget elementor-widget-bdt-advanced-icon-box\" data-id=\"d5ab1eb\" data-element_type=\"widget\" data-e-type=\"widget\" data-settings=\"{&quot;_animation&quot;:&quot;fadeInUp&quot;,&quot;_animation_delay&quot;:500}\" data-widget_type=\"bdt-advanced-icon-box.default\">\n\t\t\t\t<div class=\"elementor-widget-container\">\n\t\t\t\t\t\t\t<div class=\"bdt-ep-advanced-icon-box\">\n\n\t\t\t\t\t\t\t\n\t\t\t\t\t\t\t<div class=\"bdt-ep-advanced-icon-box-icon\">\n\t\t\t\t\t<span class=\"bdt-ep-advanced-icon-box-icon-wrap\">\n\n\n\t\t\t\t\t\t\n\t\t\t\t\t\t\t<i aria-hidden=\"true\" class=\"ti ti-user\"><\/i>\n\n\t\t\t\t\t\t\t\t\t\t\t<\/span>\n\t\t\t\t<\/div>\n\t\t\t\n\t\t\t\t\t\n\t\t\t<div class=\"bdt-ep-advanced-icon-box-content\">\n\n\t\t\t\t\t\t\t\t\t\n\t\t\t\t<h3 class=\"bdt-ep-advanced-icon-box-title\">\n\t\t\t\t<span >\n\t\t\t\t\tCautionary Note\t\t\t\t<\/span>\n\t\t\t<\/h3>\n\t\t\n\n\t\t\n\t\t\t\t\t\t\n\t\t\t\t\n\t\t\t\t\t\t\t\t\t<div class=\"bdt-ep-advanced-icon-box-description\">\n\t\t\t\t\t\t<p class=\"p1\">Access to this archaeological site is facilitated by the owner of the land where it is located. Keep that in mind when you visit the site, respecting it and contributing to its cleanliness, maintenance, and preservation.<\/p>\t\t\t\t\t<\/div>\n\t\t\t\t\n\t\t\t\t\t\t\t<\/div>\n\t\t<\/div>\n\n\t\t\n\t\t\n\t\t\t\t\t\t<\/div>\n\t\t\t\t<\/div>\n\t\t\t\t\t<\/div>\n\t\t<\/div>\n\t\t\t\t\t<\/div>\n\t\t<\/section>\n\t\t\t\t<section class=\"elementor-section elementor-inner-section elementor-element elementor-element-81cf541 elementor-section-boxed elementor-section-height-default elementor-section-height-default\" data-id=\"81cf541\" data-element_type=\"section\" data-e-type=\"section\">\n\t\t\t\t\t\t<div class=\"elementor-container elementor-column-gap-default\">\n\t\t\t\t\t<div class=\"elementor-column elementor-col-100 elementor-inner-column elementor-element elementor-element-8cb46bb\" data-id=\"8cb46bb\" data-element_type=\"column\" data-e-type=\"column\">\n\t\t\t<div class=\"elementor-widget-wrap\">\n\t\t\t\t\t\t\t<\/div>\n\t\t<\/div>\n\t\t\t\t\t<\/div>\n\t\t<\/section>\n\t\t\t\t\t<\/div>\n\t\t<\/div>\n\t\t\t\t\t<\/div>\n\t\t<\/div>\n\t\t\t\t<div class=\"elementor-section elementor-top-section elementor-element elementor-element-4d885cc elementor-section-boxed elementor-section-height-default elementor-section-height-default\" data-id=\"4d885cc\" data-element_type=\"section\" data-e-type=\"section\" data-settings=\"{&quot;background_background&quot;:&quot;classic&quot;}\">\n\t\t\t\t\t\t<div class=\"elementor-container elementor-column-gap-no\">\n\t\t\t\t\t<div class=\"elementor-column elementor-col-100 elementor-top-column elementor-element elementor-element-bf70e67\" data-id=\"bf70e67\" data-element_type=\"column\" data-e-type=\"column\">\n\t\t\t<div class=\"elementor-widget-wrap elementor-element-populated\">\n\t\t\t\t\t\t<div class=\"elementor-element elementor-element-4e11377 elementor-widget elementor-widget-heading\" data-id=\"4e11377\" data-element_type=\"widget\" data-e-type=\"widget\" data-widget_type=\"heading.default\">\n\t\t\t\t<div class=\"elementor-widget-container\">\n\t\t\t\t\t<h6 class=\"elementor-heading-title elementor-size-default\">VIDEO &amp; IMAGES GALLERY<\/h6>\t\t\t\t<\/div>\n\t\t\t\t<\/div>\n\t\t\t\t<div class=\"elementor-element elementor-element-ca52952 bdt-navigation-type-arrows elementor-widget elementor-widget-bdt-advanced-image-gallery\" data-id=\"ca52952\" data-element_type=\"widget\" data-e-type=\"widget\" data-widget_type=\"bdt-advanced-image-gallery.bdt-carousel\">\n\t\t\t\t<div class=\"elementor-widget-container\">\n\t\t\t\t\t\t\t<div class=\"bdt-arrows-align-center\" data-bdt-slider=\"{&quot;autoplay&quot;:true,&quot;autoplay-interval&quot;:7000,&quot;finite&quot;:false,&quot;pause-on-hover&quot;:true,&quot;center&quot;:false,&quot;sets&quot;:false}\">\r\n\t\t\t<div id=\"bdt-avdg-ca52952\" class=\"bdt-ep-advanced-image-gallery bdt-ep-advanced-image-gallery-skin-carousel bdt-grid bdt-grid-small bdt-slider-items bdt-child-width-1-1 bdt-child-width-1-3@s bdt-child-width-1-3@m\" data-bdt-grid=\"\" data-bdt-lightbox=\"animation: slide\" data-settings=\"{&quot;id&quot;:&quot;#bdt-avdg-ca52952&quot;,&quot;tiltShow&quot;:false}\">\r\n\t\t\t\t\t\t\r\n\t\t\t<div class=\"bdt-ep-advanced-image-gallery-item bdt-transition-toggle\">\r\n\t\t\t\t<div class=\"bdt-ep-advanced-image-gallery-inner bdt-image-mask\">\r\n\t\t\t\t\t<div class=\"bdt-ep-advanced-image-gallery-thumbnail bdt-transition-toggle\"><img decoding=\"async\" width=\"2560\" height=\"1440\" src=\"https:\/\/roteirosarqueologicosdoalentejo.uevora.pt\/wp-content\/uploads\/2023\/06\/DJI_0428-scaled.jpg\" class=\"jgalleryImage\" alt=\"\" srcset=\"https:\/\/roteirosarqueologicosdoalentejo.uevora.pt\/wp-content\/uploads\/2023\/06\/DJI_0428-scaled.jpg 2560w, https:\/\/roteirosarqueologicosdoalentejo.uevora.pt\/wp-content\/uploads\/2023\/06\/DJI_0428-300x169.jpg 300w, https:\/\/roteirosarqueologicosdoalentejo.uevora.pt\/wp-content\/uploads\/2023\/06\/DJI_0428-1024x576.jpg 1024w, https:\/\/roteirosarqueologicosdoalentejo.uevora.pt\/wp-content\/uploads\/2023\/06\/DJI_0428-768x432.jpg 768w, https:\/\/roteirosarqueologicosdoalentejo.uevora.pt\/wp-content\/uploads\/2023\/06\/DJI_0428-1536x864.jpg 1536w, https:\/\/roteirosarqueologicosdoalentejo.uevora.pt\/wp-content\/uploads\/2023\/06\/DJI_0428-2048x1152.jpg 2048w, https:\/\/roteirosarqueologicosdoalentejo.uevora.pt\/wp-content\/uploads\/2023\/06\/DJI_0428-650x366.jpg 650w\" sizes=\"(max-width: 2560px) 100vw, 2560px\" \/><\/div>\t\t<div class=\"bdt-position-cover bdt-overlay bdt-overlay-default bdt-transition-fade\">\n\t\t\t<div class=\"bdt-ep-advanced-image-gallery-content\">\n\t\t\t\t<div class=\"bdt-ep-advanced-image-gallery-content-inner\">\n\n\t\t\t\t\t\t\t\t\t\t\t\t\t\t\t\t<div class=\"bdt-flex-inline bdt-ep-advanced-image-gallery-item-link-wrapper\">\n\t\t\t\t\t\t\t<a class=\"bdt-ep-advanced-image-gallery-item-link elementor-clickable icon-type-icon\" data-elementor-open-lightbox=\"no\" data-caption=\"\" href=\"https:\/\/roteirosarqueologicosdoalentejo.uevora.pt\/wp-content\/uploads\/2023\/06\/DJI_0428-scaled.jpg\">\n\t\t\t\t\t\t\t\t\n\t\t\t\t\t\t\t\t\t\t\t\t\t\t\t\t\t\t\t<span>\n\t\t\t\t\t\t\t\t\t\t\t<i class=\"ep-icon-plus-2\"><\/i>\n\t\t\t\t\t\t\t\t\t\t<\/span>\n\t\t\t\t\t\t\t\t\t\n\t\t\t\t\t\t\t\t\t\t\t\t\t\t\t<\/a>\n\t\t\t\t\t\t<\/div>\n\t\t\t\t\t\n\t\t\t\t\t\t\t\t\t<\/div>\n\t\t\t<\/div>\n\t\t<\/div>\n\t\t\t\t<\/div>\r\n\r\n\t\t\t\t\t\t\t<\/div>\r\n\r\n\t\t\t\t\t\t\r\n\t\t\t<div class=\"bdt-ep-advanced-image-gallery-item bdt-transition-toggle\">\r\n\t\t\t\t<div class=\"bdt-ep-advanced-image-gallery-inner bdt-image-mask\">\r\n\t\t\t\t\t<div class=\"bdt-ep-advanced-image-gallery-thumbnail bdt-transition-toggle\"><img decoding=\"async\" width=\"2560\" height=\"1440\" src=\"https:\/\/roteirosarqueologicosdoalentejo.uevora.pt\/wp-content\/uploads\/2023\/06\/DJI_0427-scaled.jpg\" class=\"jgalleryImage\" alt=\"\" srcset=\"https:\/\/roteirosarqueologicosdoalentejo.uevora.pt\/wp-content\/uploads\/2023\/06\/DJI_0427-scaled.jpg 2560w, https:\/\/roteirosarqueologicosdoalentejo.uevora.pt\/wp-content\/uploads\/2023\/06\/DJI_0427-300x169.jpg 300w, https:\/\/roteirosarqueologicosdoalentejo.uevora.pt\/wp-content\/uploads\/2023\/06\/DJI_0427-1024x576.jpg 1024w, https:\/\/roteirosarqueologicosdoalentejo.uevora.pt\/wp-content\/uploads\/2023\/06\/DJI_0427-768x432.jpg 768w, https:\/\/roteirosarqueologicosdoalentejo.uevora.pt\/wp-content\/uploads\/2023\/06\/DJI_0427-1536x864.jpg 1536w, https:\/\/roteirosarqueologicosdoalentejo.uevora.pt\/wp-content\/uploads\/2023\/06\/DJI_0427-2048x1152.jpg 2048w, https:\/\/roteirosarqueologicosdoalentejo.uevora.pt\/wp-content\/uploads\/2023\/06\/DJI_0427-650x366.jpg 650w\" sizes=\"(max-width: 2560px) 100vw, 2560px\" \/><\/div>\t\t<div class=\"bdt-position-cover bdt-overlay bdt-overlay-default bdt-transition-fade\">\n\t\t\t<div class=\"bdt-ep-advanced-image-gallery-content\">\n\t\t\t\t<div class=\"bdt-ep-advanced-image-gallery-content-inner\">\n\n\t\t\t\t\t\t\t\t\t\t\t\t\t\t\t\t<div class=\"bdt-flex-inline bdt-ep-advanced-image-gallery-item-link-wrapper\">\n\t\t\t\t\t\t\t<a class=\"bdt-ep-advanced-image-gallery-item-link elementor-clickable icon-type-icon\" data-elementor-open-lightbox=\"no\" data-caption=\"\" href=\"https:\/\/roteirosarqueologicosdoalentejo.uevora.pt\/wp-content\/uploads\/2023\/06\/DJI_0427-scaled.jpg\">\n\t\t\t\t\t\t\t\t\n\t\t\t\t\t\t\t\t\t\t\t\t\t\t\t\t\t\t\t<span>\n\t\t\t\t\t\t\t\t\t\t\t<i class=\"ep-icon-plus-2\"><\/i>\n\t\t\t\t\t\t\t\t\t\t<\/span>\n\t\t\t\t\t\t\t\t\t\n\t\t\t\t\t\t\t\t\t\t\t\t\t\t\t<\/a>\n\t\t\t\t\t\t<\/div>\n\t\t\t\t\t\n\t\t\t\t\t\t\t\t\t<\/div>\n\t\t\t<\/div>\n\t\t<\/div>\n\t\t\t\t<\/div>\r\n\r\n\t\t\t\t\t\t\t<\/div>\r\n\r\n\t\t\t\t\t\t\r\n\t\t\t<div class=\"bdt-ep-advanced-image-gallery-item bdt-transition-toggle\">\r\n\t\t\t\t<div class=\"bdt-ep-advanced-image-gallery-inner bdt-image-mask\">\r\n\t\t\t\t\t<div class=\"bdt-ep-advanced-image-gallery-thumbnail bdt-transition-toggle\"><img loading=\"lazy\" decoding=\"async\" width=\"2560\" height=\"1440\" src=\"https:\/\/roteirosarqueologicosdoalentejo.uevora.pt\/wp-content\/uploads\/2023\/06\/DJI_0426-scaled.jpg\" class=\"jgalleryImage\" alt=\"\" srcset=\"https:\/\/roteirosarqueologicosdoalentejo.uevora.pt\/wp-content\/uploads\/2023\/06\/DJI_0426-scaled.jpg 2560w, https:\/\/roteirosarqueologicosdoalentejo.uevora.pt\/wp-content\/uploads\/2023\/06\/DJI_0426-300x169.jpg 300w, https:\/\/roteirosarqueologicosdoalentejo.uevora.pt\/wp-content\/uploads\/2023\/06\/DJI_0426-1024x576.jpg 1024w, https:\/\/roteirosarqueologicosdoalentejo.uevora.pt\/wp-content\/uploads\/2023\/06\/DJI_0426-768x432.jpg 768w, https:\/\/roteirosarqueologicosdoalentejo.uevora.pt\/wp-content\/uploads\/2023\/06\/DJI_0426-1536x864.jpg 1536w, https:\/\/roteirosarqueologicosdoalentejo.uevora.pt\/wp-content\/uploads\/2023\/06\/DJI_0426-2048x1152.jpg 2048w, https:\/\/roteirosarqueologicosdoalentejo.uevora.pt\/wp-content\/uploads\/2023\/06\/DJI_0426-650x366.jpg 650w\" sizes=\"(max-width: 2560px) 100vw, 2560px\" \/><\/div>\t\t<div class=\"bdt-position-cover bdt-overlay bdt-overlay-default bdt-transition-fade\">\n\t\t\t<div class=\"bdt-ep-advanced-image-gallery-content\">\n\t\t\t\t<div class=\"bdt-ep-advanced-image-gallery-content-inner\">\n\n\t\t\t\t\t\t\t\t\t\t\t\t\t\t\t\t<div class=\"bdt-flex-inline bdt-ep-advanced-image-gallery-item-link-wrapper\">\n\t\t\t\t\t\t\t<a class=\"bdt-ep-advanced-image-gallery-item-link elementor-clickable icon-type-icon\" data-elementor-open-lightbox=\"no\" data-caption=\"\" href=\"https:\/\/roteirosarqueologicosdoalentejo.uevora.pt\/wp-content\/uploads\/2023\/06\/DJI_0426-scaled.jpg\">\n\t\t\t\t\t\t\t\t\n\t\t\t\t\t\t\t\t\t\t\t\t\t\t\t\t\t\t\t<span>\n\t\t\t\t\t\t\t\t\t\t\t<i class=\"ep-icon-plus-2\"><\/i>\n\t\t\t\t\t\t\t\t\t\t<\/span>\n\t\t\t\t\t\t\t\t\t\n\t\t\t\t\t\t\t\t\t\t\t\t\t\t\t<\/a>\n\t\t\t\t\t\t<\/div>\n\t\t\t\t\t\n\t\t\t\t\t\t\t\t\t<\/div>\n\t\t\t<\/div>\n\t\t<\/div>\n\t\t\t\t<\/div>\r\n\r\n\t\t\t\t\t\t\t<\/div>\r\n\r\n\t\t\t\t\t\t\r\n\t\t\t<div class=\"bdt-ep-advanced-image-gallery-item bdt-transition-toggle\">\r\n\t\t\t\t<div class=\"bdt-ep-advanced-image-gallery-inner bdt-image-mask\">\r\n\t\t\t\t\t<div class=\"bdt-ep-advanced-image-gallery-thumbnail bdt-transition-toggle\"><img loading=\"lazy\" decoding=\"async\" width=\"2560\" height=\"1440\" src=\"https:\/\/roteirosarqueologicosdoalentejo.uevora.pt\/wp-content\/uploads\/2023\/06\/DJI_0425-scaled.jpg\" class=\"jgalleryImage\" alt=\"\" srcset=\"https:\/\/roteirosarqueologicosdoalentejo.uevora.pt\/wp-content\/uploads\/2023\/06\/DJI_0425-scaled.jpg 2560w, https:\/\/roteirosarqueologicosdoalentejo.uevora.pt\/wp-content\/uploads\/2023\/06\/DJI_0425-300x169.jpg 300w, https:\/\/roteirosarqueologicosdoalentejo.uevora.pt\/wp-content\/uploads\/2023\/06\/DJI_0425-1024x576.jpg 1024w, https:\/\/roteirosarqueologicosdoalentejo.uevora.pt\/wp-content\/uploads\/2023\/06\/DJI_0425-768x432.jpg 768w, https:\/\/roteirosarqueologicosdoalentejo.uevora.pt\/wp-content\/uploads\/2023\/06\/DJI_0425-1536x864.jpg 1536w, https:\/\/roteirosarqueologicosdoalentejo.uevora.pt\/wp-content\/uploads\/2023\/06\/DJI_0425-2048x1152.jpg 2048w, https:\/\/roteirosarqueologicosdoalentejo.uevora.pt\/wp-content\/uploads\/2023\/06\/DJI_0425-650x366.jpg 650w\" sizes=\"(max-width: 2560px) 100vw, 2560px\" \/><\/div>\t\t<div class=\"bdt-position-cover bdt-overlay bdt-overlay-default bdt-transition-fade\">\n\t\t\t<div class=\"bdt-ep-advanced-image-gallery-content\">\n\t\t\t\t<div class=\"bdt-ep-advanced-image-gallery-content-inner\">\n\n\t\t\t\t\t\t\t\t\t\t\t\t\t\t\t\t<div class=\"bdt-flex-inline bdt-ep-advanced-image-gallery-item-link-wrapper\">\n\t\t\t\t\t\t\t<a class=\"bdt-ep-advanced-image-gallery-item-link elementor-clickable icon-type-icon\" data-elementor-open-lightbox=\"no\" data-caption=\"\" href=\"https:\/\/roteirosarqueologicosdoalentejo.uevora.pt\/wp-content\/uploads\/2023\/06\/DJI_0425-scaled.jpg\">\n\t\t\t\t\t\t\t\t\n\t\t\t\t\t\t\t\t\t\t\t\t\t\t\t\t\t\t\t<span>\n\t\t\t\t\t\t\t\t\t\t\t<i class=\"ep-icon-plus-2\"><\/i>\n\t\t\t\t\t\t\t\t\t\t<\/span>\n\t\t\t\t\t\t\t\t\t\n\t\t\t\t\t\t\t\t\t\t\t\t\t\t\t<\/a>\n\t\t\t\t\t\t<\/div>\n\t\t\t\t\t\n\t\t\t\t\t\t\t\t\t<\/div>\n\t\t\t<\/div>\n\t\t<\/div>\n\t\t\t\t<\/div>\r\n\r\n\t\t\t\t\t\t\t<\/div>\r\n\r\n\t\t\t\t\t\t\r\n\t\t\t<div class=\"bdt-ep-advanced-image-gallery-item bdt-transition-toggle\">\r\n\t\t\t\t<div class=\"bdt-ep-advanced-image-gallery-inner bdt-image-mask\">\r\n\t\t\t\t\t<div class=\"bdt-ep-advanced-image-gallery-thumbnail bdt-transition-toggle\"><img loading=\"lazy\" decoding=\"async\" width=\"2560\" height=\"1440\" src=\"https:\/\/roteirosarqueologicosdoalentejo.uevora.pt\/wp-content\/uploads\/2023\/06\/DJI_0424-scaled.jpg\" class=\"jgalleryImage\" alt=\"\" srcset=\"https:\/\/roteirosarqueologicosdoalentejo.uevora.pt\/wp-content\/uploads\/2023\/06\/DJI_0424-scaled.jpg 2560w, https:\/\/roteirosarqueologicosdoalentejo.uevora.pt\/wp-content\/uploads\/2023\/06\/DJI_0424-300x169.jpg 300w, https:\/\/roteirosarqueologicosdoalentejo.uevora.pt\/wp-content\/uploads\/2023\/06\/DJI_0424-1024x576.jpg 1024w, https:\/\/roteirosarqueologicosdoalentejo.uevora.pt\/wp-content\/uploads\/2023\/06\/DJI_0424-768x432.jpg 768w, https:\/\/roteirosarqueologicosdoalentejo.uevora.pt\/wp-content\/uploads\/2023\/06\/DJI_0424-1536x864.jpg 1536w, https:\/\/roteirosarqueologicosdoalentejo.uevora.pt\/wp-content\/uploads\/2023\/06\/DJI_0424-2048x1152.jpg 2048w, https:\/\/roteirosarqueologicosdoalentejo.uevora.pt\/wp-content\/uploads\/2023\/06\/DJI_0424-650x366.jpg 650w\" sizes=\"(max-width: 2560px) 100vw, 2560px\" \/><\/div>\t\t<div class=\"bdt-position-cover bdt-overlay bdt-overlay-default bdt-transition-fade\">\n\t\t\t<div class=\"bdt-ep-advanced-image-gallery-content\">\n\t\t\t\t<div class=\"bdt-ep-advanced-image-gallery-content-inner\">\n\n\t\t\t\t\t\t\t\t\t\t\t\t\t\t\t\t<div class=\"bdt-flex-inline bdt-ep-advanced-image-gallery-item-link-wrapper\">\n\t\t\t\t\t\t\t<a class=\"bdt-ep-advanced-image-gallery-item-link elementor-clickable icon-type-icon\" data-elementor-open-lightbox=\"no\" data-caption=\"\" href=\"https:\/\/roteirosarqueologicosdoalentejo.uevora.pt\/wp-content\/uploads\/2023\/06\/DJI_0424-scaled.jpg\">\n\t\t\t\t\t\t\t\t\n\t\t\t\t\t\t\t\t\t\t\t\t\t\t\t\t\t\t\t<span>\n\t\t\t\t\t\t\t\t\t\t\t<i class=\"ep-icon-plus-2\"><\/i>\n\t\t\t\t\t\t\t\t\t\t<\/span>\n\t\t\t\t\t\t\t\t\t\n\t\t\t\t\t\t\t\t\t\t\t\t\t\t\t<\/a>\n\t\t\t\t\t\t<\/div>\n\t\t\t\t\t\n\t\t\t\t\t\t\t\t\t<\/div>\n\t\t\t<\/div>\n\t\t<\/div>\n\t\t\t\t<\/div>\r\n\r\n\t\t\t\t\t\t\t<\/div>\r\n\r\n\t\t\t\t\t\t\r\n\t\t\t<div class=\"bdt-ep-advanced-image-gallery-item bdt-transition-toggle\">\r\n\t\t\t\t<div class=\"bdt-ep-advanced-image-gallery-inner bdt-image-mask\">\r\n\t\t\t\t\t<div class=\"bdt-ep-advanced-image-gallery-thumbnail bdt-transition-toggle\"><img loading=\"lazy\" decoding=\"async\" width=\"2560\" height=\"1920\" src=\"https:\/\/roteirosarqueologicosdoalentejo.uevora.pt\/wp-content\/uploads\/2023\/06\/Casara\u2560ao-scaled.jpg\" class=\"jgalleryImage\" alt=\"\" srcset=\"https:\/\/roteirosarqueologicosdoalentejo.uevora.pt\/wp-content\/uploads\/2023\/06\/Casara\u2560ao-scaled.jpg 2560w, https:\/\/roteirosarqueologicosdoalentejo.uevora.pt\/wp-content\/uploads\/2023\/06\/Casara\u2560ao-300x225.jpg 300w, https:\/\/roteirosarqueologicosdoalentejo.uevora.pt\/wp-content\/uploads\/2023\/06\/Casara\u2560ao-1024x768.jpg 1024w, https:\/\/roteirosarqueologicosdoalentejo.uevora.pt\/wp-content\/uploads\/2023\/06\/Casara\u2560ao-768x576.jpg 768w, https:\/\/roteirosarqueologicosdoalentejo.uevora.pt\/wp-content\/uploads\/2023\/06\/Casara\u2560ao-1536x1152.jpg 1536w, https:\/\/roteirosarqueologicosdoalentejo.uevora.pt\/wp-content\/uploads\/2023\/06\/Casara\u2560ao-2048x1536.jpg 2048w, https:\/\/roteirosarqueologicosdoalentejo.uevora.pt\/wp-content\/uploads\/2023\/06\/Casara\u2560ao-650x488.jpg 650w\" sizes=\"(max-width: 2560px) 100vw, 2560px\" \/><\/div>\t\t<div class=\"bdt-position-cover bdt-overlay bdt-overlay-default bdt-transition-fade\">\n\t\t\t<div class=\"bdt-ep-advanced-image-gallery-content\">\n\t\t\t\t<div class=\"bdt-ep-advanced-image-gallery-content-inner\">\n\n\t\t\t\t\t\t\t\t\t\t\t\t\t\t\t\t<div class=\"bdt-flex-inline bdt-ep-advanced-image-gallery-item-link-wrapper\">\n\t\t\t\t\t\t\t<a class=\"bdt-ep-advanced-image-gallery-item-link elementor-clickable icon-type-icon\" data-elementor-open-lightbox=\"no\" data-caption=\"\" href=\"https:\/\/roteirosarqueologicosdoalentejo.uevora.pt\/wp-content\/uploads\/2023\/06\/Casara\u2560ao-scaled.jpg\">\n\t\t\t\t\t\t\t\t\n\t\t\t\t\t\t\t\t\t\t\t\t\t\t\t\t\t\t\t<span>\n\t\t\t\t\t\t\t\t\t\t\t<i class=\"ep-icon-plus-2\"><\/i>\n\t\t\t\t\t\t\t\t\t\t<\/span>\n\t\t\t\t\t\t\t\t\t\n\t\t\t\t\t\t\t\t\t\t\t\t\t\t\t<\/a>\n\t\t\t\t\t\t<\/div>\n\t\t\t\t\t\n\t\t\t\t\t\t\t\t\t<\/div>\n\t\t\t<\/div>\n\t\t<\/div>\n\t\t\t\t<\/div>\r\n\r\n\t\t\t\t\t\t\t<\/div>\r\n\r\n\t\t\t\t\t\t\r\n\t\t\t<div class=\"bdt-ep-advanced-image-gallery-item bdt-transition-toggle\">\r\n\t\t\t\t<div class=\"bdt-ep-advanced-image-gallery-inner bdt-image-mask\">\r\n\t\t\t\t\t<div class=\"bdt-ep-advanced-image-gallery-thumbnail bdt-transition-toggle\"><img loading=\"lazy\" decoding=\"async\" width=\"2560\" height=\"1920\" src=\"https:\/\/roteirosarqueologicosdoalentejo.uevora.pt\/wp-content\/uploads\/2023\/06\/Casara\u2560ao-3-scaled.jpg\" class=\"jgalleryImage\" alt=\"\" srcset=\"https:\/\/roteirosarqueologicosdoalentejo.uevora.pt\/wp-content\/uploads\/2023\/06\/Casara\u2560ao-3-scaled.jpg 2560w, https:\/\/roteirosarqueologicosdoalentejo.uevora.pt\/wp-content\/uploads\/2023\/06\/Casara\u2560ao-3-300x225.jpg 300w, https:\/\/roteirosarqueologicosdoalentejo.uevora.pt\/wp-content\/uploads\/2023\/06\/Casara\u2560ao-3-1024x768.jpg 1024w, https:\/\/roteirosarqueologicosdoalentejo.uevora.pt\/wp-content\/uploads\/2023\/06\/Casara\u2560ao-3-768x576.jpg 768w, https:\/\/roteirosarqueologicosdoalentejo.uevora.pt\/wp-content\/uploads\/2023\/06\/Casara\u2560ao-3-1536x1152.jpg 1536w, https:\/\/roteirosarqueologicosdoalentejo.uevora.pt\/wp-content\/uploads\/2023\/06\/Casara\u2560ao-3-2048x1536.jpg 2048w, https:\/\/roteirosarqueologicosdoalentejo.uevora.pt\/wp-content\/uploads\/2023\/06\/Casara\u2560ao-3-650x488.jpg 650w\" sizes=\"(max-width: 2560px) 100vw, 2560px\" \/><\/div>\t\t<div class=\"bdt-position-cover bdt-overlay bdt-overlay-default bdt-transition-fade\">\n\t\t\t<div class=\"bdt-ep-advanced-image-gallery-content\">\n\t\t\t\t<div class=\"bdt-ep-advanced-image-gallery-content-inner\">\n\n\t\t\t\t\t\t\t\t\t\t\t\t\t\t\t\t<div class=\"bdt-flex-inline bdt-ep-advanced-image-gallery-item-link-wrapper\">\n\t\t\t\t\t\t\t<a class=\"bdt-ep-advanced-image-gallery-item-link elementor-clickable icon-type-icon\" data-elementor-open-lightbox=\"no\" data-caption=\"\" href=\"https:\/\/roteirosarqueologicosdoalentejo.uevora.pt\/wp-content\/uploads\/2023\/06\/Casara\u2560ao-3-scaled.jpg\">\n\t\t\t\t\t\t\t\t\n\t\t\t\t\t\t\t\t\t\t\t\t\t\t\t\t\t\t\t<span>\n\t\t\t\t\t\t\t\t\t\t\t<i class=\"ep-icon-plus-2\"><\/i>\n\t\t\t\t\t\t\t\t\t\t<\/span>\n\t\t\t\t\t\t\t\t\t\n\t\t\t\t\t\t\t\t\t\t\t\t\t\t\t<\/a>\n\t\t\t\t\t\t<\/div>\n\t\t\t\t\t\n\t\t\t\t\t\t\t\t\t<\/div>\n\t\t\t<\/div>\n\t\t<\/div>\n\t\t\t\t<\/div>\r\n\r\n\t\t\t\t\t\t\t<\/div>\r\n\r\n\t\t\t\t\t\t\r\n\t\t\t<div class=\"bdt-ep-advanced-image-gallery-item bdt-transition-toggle\">\r\n\t\t\t\t<div class=\"bdt-ep-advanced-image-gallery-inner bdt-image-mask\">\r\n\t\t\t\t\t<div class=\"bdt-ep-advanced-image-gallery-thumbnail bdt-transition-toggle\"><img loading=\"lazy\" decoding=\"async\" width=\"2560\" height=\"1920\" src=\"https:\/\/roteirosarqueologicosdoalentejo.uevora.pt\/wp-content\/uploads\/2023\/06\/Casara\u2560ao-2-scaled.jpg\" class=\"jgalleryImage\" alt=\"\" srcset=\"https:\/\/roteirosarqueologicosdoalentejo.uevora.pt\/wp-content\/uploads\/2023\/06\/Casara\u2560ao-2-scaled.jpg 2560w, https:\/\/roteirosarqueologicosdoalentejo.uevora.pt\/wp-content\/uploads\/2023\/06\/Casara\u2560ao-2-300x225.jpg 300w, https:\/\/roteirosarqueologicosdoalentejo.uevora.pt\/wp-content\/uploads\/2023\/06\/Casara\u2560ao-2-1024x768.jpg 1024w, https:\/\/roteirosarqueologicosdoalentejo.uevora.pt\/wp-content\/uploads\/2023\/06\/Casara\u2560ao-2-768x576.jpg 768w, https:\/\/roteirosarqueologicosdoalentejo.uevora.pt\/wp-content\/uploads\/2023\/06\/Casara\u2560ao-2-1536x1152.jpg 1536w, https:\/\/roteirosarqueologicosdoalentejo.uevora.pt\/wp-content\/uploads\/2023\/06\/Casara\u2560ao-2-2048x1536.jpg 2048w, https:\/\/roteirosarqueologicosdoalentejo.uevora.pt\/wp-content\/uploads\/2023\/06\/Casara\u2560ao-2-650x488.jpg 650w\" sizes=\"(max-width: 2560px) 100vw, 2560px\" \/><\/div>\t\t<div class=\"bdt-position-cover bdt-overlay bdt-overlay-default bdt-transition-fade\">\n\t\t\t<div class=\"bdt-ep-advanced-image-gallery-content\">\n\t\t\t\t<div class=\"bdt-ep-advanced-image-gallery-content-inner\">\n\n\t\t\t\t\t\t\t\t\t\t\t\t\t\t\t\t<div class=\"bdt-flex-inline bdt-ep-advanced-image-gallery-item-link-wrapper\">\n\t\t\t\t\t\t\t<a class=\"bdt-ep-advanced-image-gallery-item-link elementor-clickable icon-type-icon\" data-elementor-open-lightbox=\"no\" data-caption=\"\" href=\"https:\/\/roteirosarqueologicosdoalentejo.uevora.pt\/wp-content\/uploads\/2023\/06\/Casara\u2560ao-2-scaled.jpg\">\n\t\t\t\t\t\t\t\t\n\t\t\t\t\t\t\t\t\t\t\t\t\t\t\t\t\t\t\t<span>\n\t\t\t\t\t\t\t\t\t\t\t<i class=\"ep-icon-plus-2\"><\/i>\n\t\t\t\t\t\t\t\t\t\t<\/span>\n\t\t\t\t\t\t\t\t\t\n\t\t\t\t\t\t\t\t\t\t\t\t\t\t\t<\/a>\n\t\t\t\t\t\t<\/div>\n\t\t\t\t\t\n\t\t\t\t\t\t\t\t\t<\/div>\n\t\t\t<\/div>\n\t\t<\/div>\n\t\t\t\t<\/div>\r\n\r\n\t\t\t\t\t\t\t<\/div>\r\n\r\n\t\t\t\t<\/div>\r\n\t\t\t\t\t\t\t<div class=\"bdt-position-z-index bdt-position-center bdt-visible@m\">\r\n\t\t\t<div class=\"bdt-arrows-container bdt-slidenav-container\">\r\n\t\t\t\t<a href=\"\" class=\"bdt-navigation-prev bdt-slidenav-previous bdt-slidenav\" data-bdt-slider-item=\"previous\">\r\n\t\t\t\t\t<i class=\"ep-icon-arrow-left-0\" aria-hidden=\"true\"><\/i>\r\n\t\t\t\t<\/a>\r\n\t\t\t\t<a href=\"\" class=\"bdt-navigation-next bdt-slidenav-next bdt-slidenav\" data-bdt-slider-item=\"next\">\r\n\t\t\t\t\t<i class=\"ep-icon-arrow-right-0\" aria-hidden=\"true\"><\/i>\r\n\t\t\t\t<\/a>\r\n\t\t\t<\/div>\r\n\t\t<\/div>\r\n\t\t\t\t\t<\/div>\r\n\t\t\t\t\t<\/div>\n\t\t\t\t<\/div>\n\t\t\t\t<div class=\"elementor-element elementor-element-65306f6 elementor-widget__width-initial elementor-widget-tablet__width-initial elementor-widget-mobile__width-inherit animated-fast elementor-invisible elementor-widget elementor-widget-text-editor\" data-id=\"65306f6\" data-element_type=\"widget\" data-e-type=\"widget\" data-settings=\"{&quot;_animation&quot;:&quot;fadeInUp&quot;,&quot;_animation_delay&quot;:500}\" data-widget_type=\"text-editor.default\">\n\t\t\t\t<div class=\"elementor-widget-container\">\n\t\t\t\t\t\t\t\t\t<p>Photographic Archive of Ourique City Council<\/p>\t\t\t\t\t\t\t\t<\/div>\n\t\t\t\t<\/div>\n\t\t\t\t\t<\/div>\n\t\t<\/div>\n\t\t\t\t\t<\/div>\n\t\t<\/div>\n\t\t\t\t<section class=\"elementor-section elementor-top-section elementor-element elementor-element-cb0052d elementor-section-boxed elementor-section-height-default elementor-section-height-default\" data-id=\"cb0052d\" data-element_type=\"section\" data-e-type=\"section\">\n\t\t\t\t\t\t<div class=\"elementor-container elementor-column-gap-default\">\n\t\t\t\t\t<div class=\"elementor-column elementor-col-33 elementor-top-column elementor-element elementor-element-8d4b9c2\" data-id=\"8d4b9c2\" data-element_type=\"column\" data-e-type=\"column\">\n\t\t\t<div class=\"elementor-widget-wrap\">\n\t\t\t\t\t\t\t<\/div>\n\t\t<\/div>\n\t\t\t\t<div class=\"elementor-column elementor-col-33 elementor-top-column elementor-element elementor-element-033c088\" data-id=\"033c088\" data-element_type=\"column\" data-e-type=\"column\">\n\t\t\t<div class=\"elementor-widget-wrap elementor-element-populated\">\n\t\t\t\t\t\t<div class=\"elementor-element elementor-element-c3ea469 elementor-widget elementor-widget-heading\" data-id=\"c3ea469\" data-element_type=\"widget\" data-e-type=\"widget\" data-widget_type=\"heading.default\">\n\t\t\t\t<div class=\"elementor-widget-container\">\n\t\t\t\t\t<h6 class=\"elementor-heading-title elementor-size-default\">Support<\/h6>\t\t\t\t<\/div>\n\t\t\t\t<\/div>\n\t\t\t\t<div data-ep-wrapper-link=\"{&quot;url&quot;:&quot;http:\\\/\\\/www.cm-ourique.pt\\\/pt\\\/default.aspx&quot;,&quot;is_external&quot;:&quot;on&quot;,&quot;nofollow&quot;:&quot;&quot;,&quot;custom_attributes&quot;:&quot;&quot;}\" style=\"cursor: pointer\" class=\"bdt-element-link elementor-element elementor-element-f177446 elementor-widget elementor-widget-image\" data-id=\"f177446\" data-element_type=\"widget\" data-e-type=\"widget\" data-widget_type=\"image.default\">\n\t\t\t\t<div class=\"elementor-widget-container\">\n\t\t\t\t\t\t\t\t\t\t\t\t\t\t\t<img loading=\"lazy\" decoding=\"async\" width=\"271\" height=\"60\" src=\"https:\/\/roteirosarqueologicosdoalentejo.uevora.pt\/wp-content\/uploads\/2023\/06\/Logo-CM-Ourique.png\" class=\"attachment-full size-full wp-image-2270\" alt=\"\" \/>\t\t\t\t\t\t\t\t\t\t\t\t\t\t\t<\/div>\n\t\t\t\t<\/div>\n\t\t\t\t\t<\/div>\n\t\t<\/div>\n\t\t\t\t<div class=\"elementor-column elementor-col-33 elementor-top-column elementor-element elementor-element-77eeee8\" data-id=\"77eeee8\" data-element_type=\"column\" data-e-type=\"column\">\n\t\t\t<div class=\"elementor-widget-wrap\">\n\t\t\t\t\t\t\t<\/div>\n\t\t<\/div>\n\t\t\t\t\t<\/div>\n\t\t<\/section>\n\t\t\t\t<section class=\"elementor-section elementor-top-section elementor-element elementor-element-b4c8aca elementor-section-boxed elementor-section-height-default elementor-section-height-default\" data-id=\"b4c8aca\" data-element_type=\"section\" data-e-type=\"section\" data-settings=\"{&quot;background_background&quot;:&quot;classic&quot;}\">\n\t\t\t\t\t\t<div class=\"elementor-container elementor-column-gap-default\">\n\t\t\t\t\t<div class=\"elementor-column elementor-col-50 elementor-top-column elementor-element elementor-element-080e247\" data-id=\"080e247\" data-element_type=\"column\" data-e-type=\"column\">\n\t\t\t<div class=\"elementor-widget-wrap elementor-element-populated\">\n\t\t\t\t\t\t<div class=\"elementor-element elementor-element-3e21690 elementor-widget elementor-widget-heading\" data-id=\"3e21690\" data-element_type=\"widget\" data-e-type=\"widget\" data-widget_type=\"heading.default\">\n\t\t\t\t<div class=\"elementor-widget-container\">\n\t\t\t\t\t<h6 class=\"elementor-heading-title elementor-size-default\">RESEARCH<\/h6>\t\t\t\t<\/div>\n\t\t\t\t<\/div>\n\t\t\t\t<div class=\"elementor-element elementor-element-38fa661 elementor-widget elementor-widget-heading\" data-id=\"38fa661\" data-element_type=\"widget\" data-e-type=\"widget\" data-widget_type=\"heading.default\">\n\t\t\t\t<div class=\"elementor-widget-container\">\n\t\t\t\t\t<h2 class=\"elementor-heading-title elementor-size-default\">Bibliography &amp; useful links<\/h2>\t\t\t\t<\/div>\n\t\t\t\t<\/div>\n\t\t\t\t\t<\/div>\n\t\t<\/div>\n\t\t\t\t<div class=\"elementor-column elementor-col-50 elementor-top-column elementor-element elementor-element-c174518\" data-id=\"c174518\" data-element_type=\"column\" data-e-type=\"column\">\n\t\t\t<div class=\"elementor-widget-wrap elementor-element-populated\">\n\t\t\t\t\t\t<div class=\"elementor-element elementor-element-220ff5b elementor-widget elementor-widget-bdt-accordion\" data-id=\"220ff5b\" data-element_type=\"widget\" data-e-type=\"widget\" data-widget_type=\"bdt-accordion.default\">\n\t\t\t\t<div class=\"elementor-widget-container\">\n\t\t\t\t\t        <div class=\"bdt-ep-accordion-container\">\r\n            <div id=\"bdt-ep-accordion-220ff5b\" class=\"bdt-ep-accordion bdt-accordion\" data-bdt-accordion=\"{&quot;collapsible&quot;:true,&quot;multiple&quot;:false,&quot;transition&quot;:&quot;ease-in-out&quot;}\" data-settings=\"{&quot;id&quot;:&quot;bdt-ep-accordion-220ff5b&quot;,&quot;activeHash&quot;:&quot;no&quot;,&quot;activeScrollspy&quot;:null,&quot;hashTopOffset&quot;:false,&quot;hashScrollspyTime&quot;:false}\">\r\n                                    <div class=\"bdt-ep-accordion-item\">\r\n                        <div class=\"bdt-ep-accordion-title bdt-accordion-title bdt-flex bdt-flex-middle bdt-flex-between\" id=\"bdt-ep-accordion-bibliografia\" data-accordion-index=\"0\" data-title=\"bibliografia\" role=\"heading\">\r\n\r\n                                                            <span class=\"bdt-ep-accordion-icon bdt-flex-align-right\" aria-hidden=\"true\">\r\n\r\n                                                                            <span class=\"bdt-ep-accordion-icon-closed\">\r\n                                            <i aria-hidden=\"true\" class=\"fa-fw ti ti-plus\"><\/i>                                        <\/span>\r\n                                    \r\n                                                                            <span class=\"bdt-ep-accordion-icon-opened\">\r\n                                            <i aria-hidden=\"true\" class=\"fa-fw ti ti-plus\"><\/i>                                        <\/span>\r\n                                    \r\n                                <\/span>\r\n                            \r\n                            <span class=\"bdt-ep-title-text bdt-flex bdt-flex-middle\">\r\n\r\n                                                                Bibliography                            <\/span>\r\n\r\n                        <\/div>\r\n                        <div class=\"bdt-ep-accordion-content bdt-accordion-content\">\r\n                            <p class=\"p1\">ARRUDA, Ana Margarida (2001). A Idade do Ferro p\u00f3s-orientalizante no Baixo Alentejo. <span class=\"s1\"><i>In Revista Portuguesa de Arqueologia<\/i><\/span>, vol. 3, n\u00ba 2. Instituto Portugu\u00eas de Arqueologia, Lisboa, pp. 207-291. Dispon\u00edvel em: <span style=\"font-weight: 400;\"><a href=\"https:\/\/repositorio.ul.pt\/handle\/10451\/40858\">Consultar Artigo Completo \u2192<\/a><\/span> \u00a0[Consultado a 22\/05\/2023].<\/p><p class=\"p1\">BEIR\u00c3O, Caetano de Mello; CORREIA, Virg\u00edlio Hip\u00f3lito (1994). Novos dados arqueol\u00f3gicos sobre a \u00e1rea de Fern\u00e3o Vaz. <span class=\"s1\"><i>In<\/i><\/span> MANGAS, Julio; ALVAR, Jaime (eds.), <span class=\"s1\"><i>Homenaje a Jos\u00e9 Maria Bl\u00e1zquez<\/i><\/span>, vol. 1, Ediciones Cl\u00e1sicas, Madrid, pp. 285-302. Dispon\u00edvel em: <span style=\"font-weight: 400;\"><a href=\"https:\/\/www.academia.edu\/37621735\/Novos_dados_arqueol%C3%B3gicos_sobre_a_%C3%A1rea_de_Fern%C3%A3o_Vaz\">Consultar Artigo Completo \u2192<\/a><\/span> \u00a0[Consultado a 23\/05\/2023].<\/p><p class=\"p1\">CORREIA, Susana; ALFENIM, Rafael (2001). Circuito Arqueol\u00f3gico da Cola. <span class=\"s1\"><i>In Patrim\u00f3nio \/ Estudos<\/i><\/span>, n.\u00ba 1, Instituto Portugu\u00eas do Patrim\u00f3nio Arquitet\u00f3nico, Lisboa, pp. 54-55.<\/p><p class=\"p1\">CORREIA, Virg\u00edlio Hip\u00f3lito (1993). As necr\u00f3poles da Idade do Ferro do Sul de Portugal. Arquitectura e rituais. <span class=\"s1\"><i>In Actas do 1\u00ba Congresso de Arqueologia Peninsular<\/i><\/span>, Porto, pp. 351-376. Dispon\u00edvel em: <span style=\"font-weight: 400;\"><a href=\"https:\/\/ojs.letras.up.pt\/index.php\/tae\/article\/view\/9318\">Consultar Artigo Completo \u2192<\/a><\/span> \u00a0[Consultado a 2 de maio de 2023].<\/p><p class=\"p2\">CORREIA, Virg\u00edlio Hip\u00f3lito; PARREIRA, Rui (2002). <span class=\"s1\"><i>Roteiros da Arqueologia Portuguesa, 8 &#8211; Cola. Circuito Arqueol\u00f3gico<\/i><\/span>. Instituto Portugu\u00eas do Patrim\u00f3nio Arquitect\u00f3nico (IPPAR), Lisboa, pp. 56-57.<\/p><p class=\"p1\">RAPOSO, Jorge (2001). S\u00edtios arqueol\u00f3gicos visit\u00e1veis em Portugal. <span class=\"s1\"><i>In Almadan<\/i><\/span>. 2\u00aa s\u00e9rie: 10, Almada, pp. 100-157. Dispon\u00edvel em: <span style=\"font-weight: 400;\"><a href=\"https:\/\/www.researchgate.net\/publication\/281684406_Sitios_Arqueologicos_Visitaveis_em_Portugal\">Consultar Artigo Completo \u2192<\/a><\/span> \u00a0[Consultado a 22 de mar\u00e7o de 2023].<\/p><p class=\"p1\">VILHENA, J. (2006). <span class=\"s1\"><i>O Sentido da Perman\u00eancia. As Envolventes do Castro da Cola nos 2\u00ba e 1\u00ba Mil\u00e9nios a.C.<\/i><\/span>. Tese de Mestrado apresentada \u00e0 Faculdade de Letras da Universidade de Lisboa.<\/p>                        <\/div>\r\n                    <\/div>\r\n                                    <div class=\"bdt-ep-accordion-item\">\r\n                        <div class=\"bdt-ep-accordion-title bdt-accordion-title bdt-flex bdt-flex-middle bdt-flex-between\" id=\"bdt-ep-accordion-links\" data-accordion-index=\"1\" data-title=\"links\" role=\"heading\">\r\n\r\n                                                            <span class=\"bdt-ep-accordion-icon bdt-flex-align-right\" aria-hidden=\"true\">\r\n\r\n                                                                            <span class=\"bdt-ep-accordion-icon-closed\">\r\n                                            <i aria-hidden=\"true\" class=\"fa-fw ti ti-plus\"><\/i>                                        <\/span>\r\n                                    \r\n                                                                            <span class=\"bdt-ep-accordion-icon-opened\">\r\n                                            <i aria-hidden=\"true\" class=\"fa-fw ti ti-plus\"><\/i>                                        <\/span>\r\n                                    \r\n                                <\/span>\r\n                            \r\n                            <span class=\"bdt-ep-title-text bdt-flex bdt-flex-middle\">\r\n\r\n                                                                Links                            <\/span>\r\n\r\n                        <\/div>\r\n                        <div class=\"bdt-ep-accordion-content bdt-accordion-content\">\r\n                            <p class=\"p1\"><span class=\"s1\"><a href=\"https:\/\/arqueologia.patrimoniocultural.pt\/index.php?sid=sitios&amp;subsid=53492\">https:\/\/arqueologia.patrimoniocultural.pt\/index.php?sid=sitios&amp;subsid=53492<\/a><\/span><span class=\"s2\"><span class=\"Apple-converted-space\">\u00a0<\/span><\/span><\/p><p class=\"p1\"><span class=\"s1\"><a href=\"https:\/\/arqueologia.patrimoniocultural.pt\/index.php?sid=visitaveis&amp;subsid=53492&amp;lang=pt\">https:\/\/arqueologia.patrimoniocultural.pt\/index.php?sid=visitaveis&amp;subsid=53492&amp;lang=pt<\/a><\/span><span class=\"s2\"><span class=\"Apple-converted-space\">\u00a0<\/span><\/span><\/p><p class=\"p1\"><span class=\"s1\"><a href=\"https:\/\/www.patrimoniocultural.gov.pt\/pt\/patrimonio\/itinerarios\/alentejo-algarve\/02\/\">https:\/\/www.patrimoniocultural.gov.pt\/pt\/patrimonio\/itinerarios\/alentejo-algarve\/02\/<\/a><\/span><span class=\"s2\"><span class=\"Apple-converted-space\">\u00a0<\/span><\/span><\/p><p class=\"p1\"><span class=\"s1\"><a href=\"http:\/\/www.cm-ourique.pt\/pt\/menu\/322\/circuito-arqueologico-da-cola.aspx\">http:\/\/www.cm-ourique.pt\/pt\/menu\/322\/circuito-arqueologico-da-cola.aspx<\/a><\/span><span class=\"s2\"><span class=\"Apple-converted-space\">\u00a0<\/span><\/span><\/p>                        <\/div>\r\n                    <\/div>\r\n                            <\/div>\r\n        <\/div>\r\n    \t\t\t\t<\/div>\n\t\t\t\t<\/div>\n\t\t\t\t\t<\/div>\n\t\t<\/div>\n\t\t\t\t\t<\/div>\n\t\t<\/section>\n\t\t\t\t<\/div>","protected":false},"excerpt":{"rendered":"<p>Circuito Arqueol\u00f3gico da Cola, Ourique Casar\u00e3o Coordenadas 37\u00ba34&#8217;34.24&#8243;N \/ 8\u00ba15&#8217;37.77&#8243;O Direc\u00e7\u00f5es Acesso Livre Centro de Acolhimento e Interpreta\u00e7\u00e3o Este centro, cujo ingresso [&hellip;]<\/p>","protected":false},"author":1,"featured_media":3009,"comment_status":"closed","ping_status":"closed","sticky":false,"template":"elementor_header_footer","format":"standard","meta":{"_acf_changed":false,"footnotes":""},"categories":[15],"tags":[],"class_list":["post-1440","post","type-post","status-publish","format-standard","has-post-thumbnail","hentry","category-ourique"],"aioseo_notices":[],"acf":[],"_links":{"self":[{"href":"https:\/\/roteirosarqueologicosdoalentejo.uevora.pt\/en\/wp-json\/wp\/v2\/posts\/1440","targetHints":{"allow":["GET"]}}],"collection":[{"href":"https:\/\/roteirosarqueologicosdoalentejo.uevora.pt\/en\/wp-json\/wp\/v2\/posts"}],"about":[{"href":"https:\/\/roteirosarqueologicosdoalentejo.uevora.pt\/en\/wp-json\/wp\/v2\/types\/post"}],"author":[{"embeddable":true,"href":"https:\/\/roteirosarqueologicosdoalentejo.uevora.pt\/en\/wp-json\/wp\/v2\/users\/1"}],"replies":[{"embeddable":true,"href":"https:\/\/roteirosarqueologicosdoalentejo.uevora.pt\/en\/wp-json\/wp\/v2\/comments?post=1440"}],"version-history":[{"count":0,"href":"https:\/\/roteirosarqueologicosdoalentejo.uevora.pt\/en\/wp-json\/wp\/v2\/posts\/1440\/revisions"}],"wp:featuredmedia":[{"embeddable":true,"href":"https:\/\/roteirosarqueologicosdoalentejo.uevora.pt\/en\/wp-json\/wp\/v2\/media\/3009"}],"wp:attachment":[{"href":"https:\/\/roteirosarqueologicosdoalentejo.uevora.pt\/en\/wp-json\/wp\/v2\/media?parent=1440"}],"wp:term":[{"taxonomy":"category","embeddable":true,"href":"https:\/\/roteirosarqueologicosdoalentejo.uevora.pt\/en\/wp-json\/wp\/v2\/categories?post=1440"},{"taxonomy":"post_tag","embeddable":true,"href":"https:\/\/roteirosarqueologicosdoalentejo.uevora.pt\/en\/wp-json\/wp\/v2\/tags?post=1440"}],"curies":[{"name":"wp","href":"https:\/\/api.w.org\/{rel}","templated":true}]}}